{"id":1670,"date":"2021-07-11T17:48:20","date_gmt":"2021-07-11T17:48:20","guid":{"rendered":"http:\/\/ronkelcomite.be\/fr\/?p=1670"},"modified":"2021-07-11T17:50:29","modified_gmt":"2021-07-11T17:50:29","slug":"11-07-2021-merc","status":"publish","type":"post","link":"https:\/\/ronkelcomite.be\/fr\/2021\/07\/11\/11-07-2021-merc\/","title":{"rendered":"11\/07\/2021 Parking Mercedes : des nouvelles?"},"content":{"rendered":"\n<p>N&rsquo;ayant aucune nouvelle, ni de la commune ni de la r\u00e9gion, nous avons envoy\u00e9 un courrier d\u00e9but juillet 2021 au service \u00ab\u00a0Omgeving\u00a0\u00bb de la r\u00e9gion. Dans leur r\u00e9ponse, ils nous informent qu&rsquo;aucune d\u00e9cision n&rsquo;a encore \u00e9t\u00e9 prise mais que des<a rel=\"noreferrer noopener\" href=\"http:\/\/ronkelcomite.be\/wp-content\/uploads\/2021\/07\/Mail-Gmail-aanvraag-van-een-planologisch-attest-voor-Mercedes-Benz-Wemmel.pdf\" target=\"_blank\"> n\u00e9gociations ont lieu entre la R\u00e9gion, la Commune et Mercedes<\/a>. De quoi s&rsquo;agit-il exactement ? Nous restons tr\u00e8s vigilants et mobilis\u00e9s.<\/p>\n\n\n\n<p><a href=\"http:\/\/ronkelcomite.be\/fr\/quartier-durable\/garage-mercedes\/\" target=\"_blank\" rel=\"noreferrer noopener\">Pour en savoir plus<\/a><\/p>\n","protected":false},"excerpt":{"rendered":"<p>N&rsquo;ayant aucune nouvelle, ni de la commune ni de la r\u00e9gion, nous avons envoy\u00e9 un courrier d\u00e9but juillet 2021 au service \u00ab\u00a0Omgeving\u00a0\u00bb de la r\u00e9gion. Dans leur r\u00e9ponse, ils nous informent qu&rsquo;aucune d\u00e9cision n&rsquo;a encore \u00e9t\u00e9 prise mais que des<\/p>\n","protected":false},"author":3,"featured_media":0,"comment_status":"closed","ping_status":"closed","sticky":false,"template":"","format":"standard","meta":{"_uag_custom_page_level_css":"","ngg_post_thumbnail":0,"footnotes":""},"categories":[1],"tags":[],"class_list":["post-1670","post","type-post","status-publish","format-standard","hentry","category-uncategorized"],"uagb_featured_image_src":{"full":false,"thumbnail":false,"medium":false,"medium_large":false,"large":false,"1536x1536":false,"2048x2048":false,"featured-blog-large":false,"featured-blog-medium":false,"featured":false,"featured-blog-medium-small":false},"uagb_author_info":{"display_name":"Bernadette Jambe","author_link":"https:\/\/ronkelcomite.be\/fr\/author\/bernadette\/"},"uagb_comment_info":0,"uagb_excerpt":"N&rsquo;ayant aucune nouvelle, ni de la commune ni de la r\u00e9gion, nous avons envoy\u00e9 un courrier d\u00e9but juillet 2021 au service \u00ab\u00a0Omgeving\u00a0\u00bb de la r\u00e9gion. Dans leur r\u00e9ponse, ils nous informent qu&rsquo;aucune d\u00e9cision n&rsquo;a encore \u00e9t\u00e9 prise mais que des","_links":{"self":[{"href":"https:\/\/ronkelcomite.be\/fr\/wp-json\/wp\/v2\/posts\/1670","targetHints":{"allow":["GET"]}}],"collection":[{"href":"https:\/\/ronkelcomite.be\/fr\/wp-json\/wp\/v2\/posts"}],"about":[{"href":"https:\/\/ronkelcomite.be\/fr\/wp-json\/wp\/v2\/types\/post"}],"author":[{"embeddable":true,"href":"https:\/\/ronkelcomite.be\/fr\/wp-json\/wp\/v2\/users\/3"}],"replies":[{"embeddable":true,"href":"https:\/\/ronkelcomite.be\/fr\/wp-json\/wp\/v2\/comments?post=1670"}],"version-history":[{"count":3,"href":"https:\/\/ronkelcomite.be\/fr\/wp-json\/wp\/v2\/posts\/1670\/revisions"}],"predecessor-version":[{"id":1673,"href":"https:\/\/ronkelcomite.be\/fr\/wp-json\/wp\/v2\/posts\/1670\/revisions\/1673"}],"wp:attachment":[{"href":"https:\/\/ronkelcomite.be\/fr\/wp-json\/wp\/v2\/media?parent=1670"}],"wp:term":[{"taxonomy":"category","embeddable":true,"href":"https:\/\/ronkelcomite.be\/fr\/wp-json\/wp\/v2\/categories?post=1670"},{"taxonomy":"post_tag","embeddable":true,"href":"https:\/\/ronkelcomite.be\/fr\/wp-json\/wp\/v2\/tags?post=1670"}],"curies":[{"name":"wp","href":"https:\/\/api.w.org\/{rel}","templated":true}]}}