{"id":1681,"date":"2021-07-22T19:51:46","date_gmt":"2021-07-22T19:51:46","guid":{"rendered":"http:\/\/ronkelcomite.be\/fr\/?p=1681"},"modified":"2021-07-22T19:53:52","modified_gmt":"2021-07-22T19:53:52","slug":"22-07-2021-werken-aan-de-ring-consultation-publique","status":"publish","type":"post","link":"https:\/\/ronkelcomite.be\/fr\/2021\/07\/22\/22-07-2021-werken-aan-de-ring-consultation-publique\/","title":{"rendered":"22\/07\/2021 Werken aan de Ring &#8211; consultation publique"},"content":{"rendered":"\n<p>Dans le cadre de la consultation publique organis\u00e9e par Werken aan de ring, voici la <a rel=\"noreferrer noopener\" href=\"http:\/\/ronkelcomite.be\/wp-content\/uploads\/2021\/07\/Nota-2-alternatieven-def-NL-2021-07-17.pdf\" target=\"_blank\">lettre<\/a> d\u00e9pos\u00e9e par le RonkelComit\u00e9 ce jeudi 22\/07 \u00e0 l\u2019administration communale et envoy\u00e9e \u00e0 Werken aan de Ring.<\/p>\n","protected":false},"excerpt":{"rendered":"<p>Dans le cadre de la consultation publique organis\u00e9e par Werken aan de ring, voici la lettre d\u00e9pos\u00e9e par le RonkelComit\u00e9 ce jeudi 22\/07 \u00e0 l\u2019administration communale et envoy\u00e9e \u00e0 Werken aan de Ring.<\/p>\n","protected":false},"author":3,"featured_media":0,"comment_status":"closed","ping_status":"closed","sticky":false,"template":"","format":"standard","meta":{"_uag_custom_page_level_css":"","ngg_post_thumbnail":0,"footnotes":""},"categories":[1],"tags":[],"class_list":["post-1681","post","type-post","status-publish","format-standard","hentry","category-uncategorized"],"uagb_featured_image_src":{"full":false,"thumbnail":false,"medium":false,"medium_large":false,"large":false,"1536x1536":false,"2048x2048":false,"featured-blog-large":false,"featured-blog-medium":false,"featured":false,"featured-blog-medium-small":false},"uagb_author_info":{"display_name":"Bernadette Jambe","author_link":"https:\/\/ronkelcomite.be\/fr\/author\/bernadette\/"},"uagb_comment_info":0,"uagb_excerpt":"Dans le cadre de la consultation publique organis\u00e9e par Werken aan de ring, voici la lettre d\u00e9pos\u00e9e par le RonkelComit\u00e9 ce jeudi 22\/07 \u00e0 l\u2019administration communale et envoy\u00e9e \u00e0 Werken aan de Ring.","_links":{"self":[{"href":"https:\/\/ronkelcomite.be\/fr\/wp-json\/wp\/v2\/posts\/1681","targetHints":{"allow":["GET"]}}],"collection":[{"href":"https:\/\/ronkelcomite.be\/fr\/wp-json\/wp\/v2\/posts"}],"about":[{"href":"https:\/\/ronkelcomite.be\/fr\/wp-json\/wp\/v2\/types\/post"}],"author":[{"embeddable":true,"href":"https:\/\/ronkelcomite.be\/fr\/wp-json\/wp\/v2\/users\/3"}],"replies":[{"embeddable":true,"href":"https:\/\/ronkelcomite.be\/fr\/wp-json\/wp\/v2\/comments?post=1681"}],"version-history":[{"count":4,"href":"https:\/\/ronkelcomite.be\/fr\/wp-json\/wp\/v2\/posts\/1681\/revisions"}],"predecessor-version":[{"id":1687,"href":"https:\/\/ronkelcomite.be\/fr\/wp-json\/wp\/v2\/posts\/1681\/revisions\/1687"}],"wp:attachment":[{"href":"https:\/\/ronkelcomite.be\/fr\/wp-json\/wp\/v2\/media?parent=1681"}],"wp:term":[{"taxonomy":"category","embeddable":true,"href":"https:\/\/ronkelcomite.be\/fr\/wp-json\/wp\/v2\/categories?post=1681"},{"taxonomy":"post_tag","embeddable":true,"href":"https:\/\/ronkelcomite.be\/fr\/wp-json\/wp\/v2\/tags?post=1681"}],"curies":[{"name":"wp","href":"https:\/\/api.w.org\/{rel}","templated":true}]}}