{"id":1722,"date":"2021-09-02T14:10:56","date_gmt":"2021-09-02T14:10:56","guid":{"rendered":"http:\/\/ronkelcomite.be\/nl\/?p=1722"},"modified":"2021-09-02T14:17:18","modified_gmt":"2021-09-02T14:17:18","slug":"02-09-2021-feest-in-het-landschap-12-09","status":"publish","type":"post","link":"https:\/\/ronkelcomite.be\/fr\/2021\/09\/02\/02-09-2021-feest-in-het-landschap-12-09\/","title":{"rendered":"02\/09\/2021 : La f\u00eate du paysage- 12\/09"},"content":{"rendered":"\n<p>Le RonkelComit\u00e9 vous invite \u00e0 visiter son stand ce 12 septembre de 13h30 \u00e0 18h, dans le cadre d&rsquo;une grande f\u00eate organis\u00e9e par la R\u00e9gion flamande en collaboration avec la commune. De nombreuses associations seront pr\u00e9sentes. Vous pouvez consulter le programme complet en annexe.<\/p>\n\n\n\n<p>Ce sera l&rsquo;occasion de d\u00e9couvrir ou red\u00e9couvrir la <strong>vie des abeilles<\/strong> et <strong>go\u00fbter du miel <\/strong>de Wemmel.<br>Nous serons aussi pr\u00e9sents pour vous parler de tous nos projets qui visent \u00e0 la convivialit\u00e9 (poulailler collectif, potager collectif, cuisson du pain, zumba&#8230;) mais aussi \u00e0 la <strong>d\u00e9fense de notre quartier<\/strong>. En effet, il est, comme vous le savez, de plus en plus menac\u00e9. Les <strong>travaux du ring<\/strong> et le <strong>Plan communal de mobilit\u00e9<\/strong> seront d\u2019ailleurs \u00e9galement abord\u00e9s largement, avec des propositions constructives de solutions \u00e0 soumettre aux autorit\u00e9s. Nous proposons de vous les pr\u00e9senter.<br>Venez nombreux!<\/p>\n\n\n\n<p><a rel=\"noreferrer noopener\" href=\"http:\/\/ronkelcomite.be\/wp-content\/uploads\/2021\/09\/Feest-in-het-landschap_flyer-0212-scaled.jpg\" target=\"_blank\">Plus de d\u00e9tails ici<\/a><\/p>\n\n\n\n<figure class=\"wp-block-image size-large\"><a href=\"http:\/\/ronkelcomite.be\/wp-content\/uploads\/2021\/09\/Feest-in-het-landschap_flyer-0212-scaled.jpg\" target=\"_blank\" rel=\"noopener\"><img loading=\"lazy\" decoding=\"async\" width=\"724\" height=\"1024\" src=\"http:\/\/ronkelcomite.be\/wp-content\/uploads\/2021\/09\/Feest-in-het-landschap_affiche-0211-724x1024.jpg\" alt=\"\" class=\"wp-image-1725\" srcset=\"https:\/\/ronkelcomite.be\/wp-content\/uploads\/2021\/09\/Feest-in-het-landschap_affiche-0211-724x1024.jpg 724w, https:\/\/ronkelcomite.be\/wp-content\/uploads\/2021\/09\/Feest-in-het-landschap_affiche-0211-212x300.jpg 212w, https:\/\/ronkelcomite.be\/wp-content\/uploads\/2021\/09\/Feest-in-het-landschap_affiche-0211-768x1086.jpg 768w, https:\/\/ronkelcomite.be\/wp-content\/uploads\/2021\/09\/Feest-in-het-landschap_affiche-0211.jpg 1080w\" sizes=\"auto, (max-width: 724px) 100vw, 724px\" \/><\/a><\/figure>\n","protected":false},"excerpt":{"rendered":"<p>Le RonkelComit\u00e9 vous invite \u00e0 visiter son stand ce 12 septembre de 13h30 \u00e0 18h, dans le cadre d&rsquo;une grande f\u00eate organis\u00e9e par la R\u00e9gion flamande en collaboration avec la commune. De nombreuses associations seront pr\u00e9sentes. Vous pouvez consulter le<\/p>\n","protected":false},"author":3,"featured_media":0,"comment_status":"closed","ping_status":"closed","sticky":false,"template":"","format":"standard","meta":{"_uag_custom_page_level_css":"","ngg_post_thumbnail":0,"footnotes":""},"categories":[1],"tags":[],"class_list":["post-1722","post","type-post","status-publish","format-standard","hentry","category-uncategorized"],"uagb_featured_image_src":{"full":false,"thumbnail":false,"medium":false,"medium_large":false,"large":false,"1536x1536":false,"2048x2048":false,"featured-blog-large":false,"featured-blog-medium":false,"featured":false,"featured-blog-medium-small":false},"uagb_author_info":{"display_name":"Bernadette Jambe","author_link":"https:\/\/ronkelcomite.be\/fr\/author\/bernadette\/"},"uagb_comment_info":0,"uagb_excerpt":"Le RonkelComit\u00e9 vous invite \u00e0 visiter son stand ce 12 septembre de 13h30 \u00e0 18h, dans le cadre d&rsquo;une grande f\u00eate organis\u00e9e par la R\u00e9gion flamande en collaboration avec la commune. De nombreuses associations seront pr\u00e9sentes. Vous pouvez consulter le","_links":{"self":[{"href":"https:\/\/ronkelcomite.be\/fr\/wp-json\/wp\/v2\/posts\/1722","targetHints":{"allow":["GET"]}}],"collection":[{"href":"https:\/\/ronkelcomite.be\/fr\/wp-json\/wp\/v2\/posts"}],"about":[{"href":"https:\/\/ronkelcomite.be\/fr\/wp-json\/wp\/v2\/types\/post"}],"author":[{"embeddable":true,"href":"https:\/\/ronkelcomite.be\/fr\/wp-json\/wp\/v2\/users\/3"}],"replies":[{"embeddable":true,"href":"https:\/\/ronkelcomite.be\/fr\/wp-json\/wp\/v2\/comments?post=1722"}],"version-history":[{"count":4,"href":"https:\/\/ronkelcomite.be\/fr\/wp-json\/wp\/v2\/posts\/1722\/revisions"}],"predecessor-version":[{"id":1729,"href":"https:\/\/ronkelcomite.be\/fr\/wp-json\/wp\/v2\/posts\/1722\/revisions\/1729"}],"wp:attachment":[{"href":"https:\/\/ronkelcomite.be\/fr\/wp-json\/wp\/v2\/media?parent=1722"}],"wp:term":[{"taxonomy":"category","embeddable":true,"href":"https:\/\/ronkelcomite.be\/fr\/wp-json\/wp\/v2\/categories?post=1722"},{"taxonomy":"post_tag","embeddable":true,"href":"https:\/\/ronkelcomite.be\/fr\/wp-json\/wp\/v2\/tags?post=1722"}],"curies":[{"name":"wp","href":"https:\/\/api.w.org\/{rel}","templated":true}]}}