{"id":1730,"date":"2021-09-06T12:46:25","date_gmt":"2021-09-06T12:46:25","guid":{"rendered":"http:\/\/ronkelcomite.be\/fr\/?p=1730"},"modified":"2021-09-06T12:49:34","modified_gmt":"2021-09-06T12:49:34","slug":"2021","status":"publish","type":"post","link":"https:\/\/ronkelcomite.be\/fr\/2021\/09\/06\/2021\/","title":{"rendered":"2021\/09\/06 : Le potager collectif a d\u00e9marr\u00e9!"},"content":{"rendered":"\n<p>Huit familles se lancent dans l&rsquo;aventure de la cr\u00e9ation d&rsquo;un potager collectif gr\u00e2ce \u00e0 Erik Baert qui pr\u00eate un morceau de terrain. La premi\u00e8re phase est de pr\u00e9parer le sol pour l&rsquo;hiver : le sol a \u00e9t\u00e9 ameubli et sem\u00e9 de moutarde et de phac\u00e9lie.<\/p>\n\n\n\n<figure class=\"wp-block-gallery columns-2 is-cropped wp-block-gallery-1 is-layout-flex wp-block-gallery-is-layout-flex\"><ul class=\"blocks-gallery-grid\"><li class=\"blocks-gallery-item\"><figure><img loading=\"lazy\" decoding=\"async\" width=\"1024\" height=\"683\" src=\"http:\/\/ronkelcomite.be\/wp-content\/uploads\/2021\/09\/P1160750-1024x683.jpg\" alt=\"\" data-id=\"1731\" data-full-url=\"http:\/\/ronkelcomite.be\/wp-content\/uploads\/2021\/09\/P1160750.jpg\" data-link=\"http:\/\/ronkelcomite.be\/fr\/p1160750\/\" class=\"wp-image-1731\" srcset=\"https:\/\/ronkelcomite.be\/wp-content\/uploads\/2021\/09\/P1160750-1024x683.jpg 1024w, https:\/\/ronkelcomite.be\/wp-content\/uploads\/2021\/09\/P1160750-300x200.jpg 300w, https:\/\/ronkelcomite.be\/wp-content\/uploads\/2021\/09\/P1160750-768x512.jpg 768w, https:\/\/ronkelcomite.be\/wp-content\/uploads\/2021\/09\/P1160750-1536x1024.jpg 1536w, https:\/\/ronkelcomite.be\/wp-content\/uploads\/2021\/09\/P1160750.jpg 1620w\" sizes=\"auto, (max-width: 1024px) 100vw, 1024px\" \/><\/figure><\/li><li class=\"blocks-gallery-item\"><figure><img loading=\"lazy\" decoding=\"async\" width=\"1024\" height=\"683\" src=\"http:\/\/ronkelcomite.be\/wp-content\/uploads\/2021\/09\/P1160755-1024x683.jpg\" alt=\"\" data-id=\"1732\" data-full-url=\"http:\/\/ronkelcomite.be\/wp-content\/uploads\/2021\/09\/P1160755.jpg\" data-link=\"http:\/\/ronkelcomite.be\/fr\/p1160755\/\" class=\"wp-image-1732\" srcset=\"https:\/\/ronkelcomite.be\/wp-content\/uploads\/2021\/09\/P1160755-1024x683.jpg 1024w, https:\/\/ronkelcomite.be\/wp-content\/uploads\/2021\/09\/P1160755-300x200.jpg 300w, https:\/\/ronkelcomite.be\/wp-content\/uploads\/2021\/09\/P1160755-768x512.jpg 768w, https:\/\/ronkelcomite.be\/wp-content\/uploads\/2021\/09\/P1160755-1536x1024.jpg 1536w, https:\/\/ronkelcomite.be\/wp-content\/uploads\/2021\/09\/P1160755.jpg 1620w\" sizes=\"auto, (max-width: 1024px) 100vw, 1024px\" \/><\/figure><\/li><\/ul><\/figure>\n\n\n\n<p><\/p>\n","protected":false},"excerpt":{"rendered":"<p>Huit familles se lancent dans l&rsquo;aventure de la cr\u00e9ation d&rsquo;un potager collectif gr\u00e2ce \u00e0 Erik Baert qui pr\u00eate un morceau de terrain. La premi\u00e8re phase est de pr\u00e9parer le sol pour l&rsquo;hiver : le sol a \u00e9t\u00e9 ameubli et sem\u00e9<\/p>\n","protected":false},"author":3,"featured_media":0,"comment_status":"closed","ping_status":"closed","sticky":false,"template":"","format":"standard","meta":{"_uag_custom_page_level_css":"","ngg_post_thumbnail":0,"footnotes":""},"categories":[1],"tags":[],"class_list":["post-1730","post","type-post","status-publish","format-standard","hentry","category-uncategorized"],"uagb_featured_image_src":{"full":false,"thumbnail":false,"medium":false,"medium_large":false,"large":false,"1536x1536":false,"2048x2048":false,"featured-blog-large":false,"featured-blog-medium":false,"featured":false,"featured-blog-medium-small":false},"uagb_author_info":{"display_name":"Bernadette Jambe","author_link":"https:\/\/ronkelcomite.be\/fr\/author\/bernadette\/"},"uagb_comment_info":0,"uagb_excerpt":"Huit familles se lancent dans l&rsquo;aventure de la cr\u00e9ation d&rsquo;un potager collectif gr\u00e2ce \u00e0 Erik Baert qui pr\u00eate un morceau de terrain. La premi\u00e8re phase est de pr\u00e9parer le sol pour l&rsquo;hiver : le sol a \u00e9t\u00e9 ameubli et sem\u00e9","_links":{"self":[{"href":"https:\/\/ronkelcomite.be\/fr\/wp-json\/wp\/v2\/posts\/1730","targetHints":{"allow":["GET"]}}],"collection":[{"href":"https:\/\/ronkelcomite.be\/fr\/wp-json\/wp\/v2\/posts"}],"about":[{"href":"https:\/\/ronkelcomite.be\/fr\/wp-json\/wp\/v2\/types\/post"}],"author":[{"embeddable":true,"href":"https:\/\/ronkelcomite.be\/fr\/wp-json\/wp\/v2\/users\/3"}],"replies":[{"embeddable":true,"href":"https:\/\/ronkelcomite.be\/fr\/wp-json\/wp\/v2\/comments?post=1730"}],"version-history":[{"count":4,"href":"https:\/\/ronkelcomite.be\/fr\/wp-json\/wp\/v2\/posts\/1730\/revisions"}],"predecessor-version":[{"id":1736,"href":"https:\/\/ronkelcomite.be\/fr\/wp-json\/wp\/v2\/posts\/1730\/revisions\/1736"}],"wp:attachment":[{"href":"https:\/\/ronkelcomite.be\/fr\/wp-json\/wp\/v2\/media?parent=1730"}],"wp:term":[{"taxonomy":"category","embeddable":true,"href":"https:\/\/ronkelcomite.be\/fr\/wp-json\/wp\/v2\/categories?post=1730"},{"taxonomy":"post_tag","embeddable":true,"href":"https:\/\/ronkelcomite.be\/fr\/wp-json\/wp\/v2\/tags?post=1730"}],"curies":[{"name":"wp","href":"https:\/\/api.w.org\/{rel}","templated":true}]}}