{"id":1906,"date":"2021-12-20T17:42:30","date_gmt":"2021-12-20T17:42:30","guid":{"rendered":"http:\/\/ronkelcomite.be\/fr\/?p=1906"},"modified":"2021-12-20T17:42:33","modified_gmt":"2021-12-20T17:42:33","slug":"2021-12-19-entretien-du-chemin-ronkel-et-travaux-au-potager-collectif","status":"publish","type":"post","link":"https:\/\/ronkelcomite.be\/fr\/2021\/12\/20\/2021-12-19-entretien-du-chemin-ronkel-et-travaux-au-potager-collectif\/","title":{"rendered":"2021\/12\/19 : Entretien du chemin Ronkel et travaux au potager collectif"},"content":{"rendered":"\n<figure class=\"wp-block-gallery columns-2 is-cropped wp-block-gallery-1 is-layout-flex wp-block-gallery-is-layout-flex\"><ul class=\"blocks-gallery-grid\"><li class=\"blocks-gallery-item\"><figure><img loading=\"lazy\" decoding=\"async\" width=\"1024\" height=\"768\" src=\"http:\/\/ronkelcomite.be\/wp-content\/uploads\/2021\/12\/20211218_101916-Grand-1024x768.jpg\" alt=\"\" data-id=\"1907\" data-full-url=\"http:\/\/ronkelcomite.be\/wp-content\/uploads\/2021\/12\/20211218_101916-Grand-rotated.jpg\" data-link=\"http:\/\/ronkelcomite.be\/nl\/?attachment_id=1907\" class=\"wp-image-1907\" srcset=\"https:\/\/ronkelcomite.be\/wp-content\/uploads\/2021\/12\/20211218_101916-Grand-1024x768.jpg 1024w, https:\/\/ronkelcomite.be\/wp-content\/uploads\/2021\/12\/20211218_101916-Grand-300x225.jpg 300w, https:\/\/ronkelcomite.be\/wp-content\/uploads\/2021\/12\/20211218_101916-Grand-768x576.jpg 768w, https:\/\/ronkelcomite.be\/wp-content\/uploads\/2021\/12\/20211218_101916-Grand-rotated.jpg 1440w\" sizes=\"auto, (max-width: 1024px) 100vw, 1024px\" \/><\/figure><\/li><li class=\"blocks-gallery-item\"><figure><img loading=\"lazy\" decoding=\"async\" width=\"1024\" height=\"768\" src=\"http:\/\/ronkelcomite.be\/wp-content\/uploads\/2021\/12\/20211218_104804-Grand-1024x768.jpg\" alt=\"\" data-id=\"1908\" data-full-url=\"http:\/\/ronkelcomite.be\/wp-content\/uploads\/2021\/12\/20211218_104804-Grand-rotated.jpg\" data-link=\"http:\/\/ronkelcomite.be\/nl\/?attachment_id=1908\" class=\"wp-image-1908\" srcset=\"https:\/\/ronkelcomite.be\/wp-content\/uploads\/2021\/12\/20211218_104804-Grand-1024x768.jpg 1024w, https:\/\/ronkelcomite.be\/wp-content\/uploads\/2021\/12\/20211218_104804-Grand-300x225.jpg 300w, https:\/\/ronkelcomite.be\/wp-content\/uploads\/2021\/12\/20211218_104804-Grand-768x576.jpg 768w, https:\/\/ronkelcomite.be\/wp-content\/uploads\/2021\/12\/20211218_104804-Grand-rotated.jpg 1440w\" sizes=\"auto, (max-width: 1024px) 100vw, 1024px\" \/><\/figure><\/li><\/ul><\/figure>\n\n\n\n<div class=\"wp-block-columns is-layout-flex wp-container-core-columns-is-layout-28f84493 wp-block-columns-is-layout-flex\">\n<div class=\"wp-block-column is-layout-flow wp-block-column-is-layout-flow\">\n<p>La m\u00e9t\u00e9o capricieuse et pluvieuse a n\u00e9cessit\u00e9 une nouvelle op\u00e9ration \u00ab\u00a0gravier\u00a0\u00bb, facilit\u00e9e par la mise en place d&rsquo;un groupe WhatsApp <a href=\"http:\/\/ronkelcomite.be\/fr\/2021\/12\/12\/2021-11-12-ronkelchantier\/\" target=\"_blank\" rel=\"noreferrer noopener\">\u00ab\u00a0RonkelChantier\u00a0\u00bb<\/a>.  Le principe : mener des actions visant \u00e0 pr\u00e9server et entretenir le quartier esth\u00e9tiquement mais aussi en vue de le rendre plus s\u00e9cure\u00a0et plus agr\u00e9able\u00a0pour tous. Vous souhaitez aussi participer? Vous pouvez nous contacter via <a href=\"mailto:ronkelcomite@gmail.com\">ronkelcomite@gmail.com<\/a><\/p>\n<\/div>\n\n\n\n<div class=\"wp-block-column is-layout-flow wp-block-column-is-layout-flow\">\n<p>Les membres du potager collectif, ainsi que des volontaires, ont appris \u00e0 tresser une haie de saules. Le but est de d\u00e9limiter la parcelle mais \u00e9galement d&rsquo;offrir une vue agr\u00e9able aux passants.<\/p>\n<\/div>\n<\/div>\n","protected":false},"excerpt":{"rendered":"<p>La m\u00e9t\u00e9o capricieuse et pluvieuse a n\u00e9cessit\u00e9 une nouvelle op\u00e9ration \u00ab\u00a0gravier\u00a0\u00bb, facilit\u00e9e par la mise en place d&rsquo;un groupe WhatsApp \u00ab\u00a0RonkelChantier\u00a0\u00bb. Le principe : mener des actions visant \u00e0 pr\u00e9server et entretenir le quartier esth\u00e9tiquement mais aussi en vue de<\/p>\n","protected":false},"author":3,"featured_media":0,"comment_status":"closed","ping_status":"closed","sticky":false,"template":"","format":"standard","meta":{"_uag_custom_page_level_css":"","ngg_post_thumbnail":0,"footnotes":""},"categories":[1],"tags":[],"class_list":["post-1906","post","type-post","status-publish","format-standard","hentry","category-uncategorized"],"uagb_featured_image_src":{"full":false,"thumbnail":false,"medium":false,"medium_large":false,"large":false,"1536x1536":false,"2048x2048":false,"featured-blog-large":false,"featured-blog-medium":false,"featured":false,"featured-blog-medium-small":false},"uagb_author_info":{"display_name":"Bernadette Jambe","author_link":"https:\/\/ronkelcomite.be\/fr\/author\/bernadette\/"},"uagb_comment_info":0,"uagb_excerpt":"La m\u00e9t\u00e9o capricieuse et pluvieuse a n\u00e9cessit\u00e9 une nouvelle op\u00e9ration \u00ab\u00a0gravier\u00a0\u00bb, facilit\u00e9e par la mise en place d&rsquo;un groupe WhatsApp \u00ab\u00a0RonkelChantier\u00a0\u00bb. Le principe : mener des actions visant \u00e0 pr\u00e9server et entretenir le quartier esth\u00e9tiquement mais aussi en vue de","_links":{"self":[{"href":"https:\/\/ronkelcomite.be\/fr\/wp-json\/wp\/v2\/posts\/1906","targetHints":{"allow":["GET"]}}],"collection":[{"href":"https:\/\/ronkelcomite.be\/fr\/wp-json\/wp\/v2\/posts"}],"about":[{"href":"https:\/\/ronkelcomite.be\/fr\/wp-json\/wp\/v2\/types\/post"}],"author":[{"embeddable":true,"href":"https:\/\/ronkelcomite.be\/fr\/wp-json\/wp\/v2\/users\/3"}],"replies":[{"embeddable":true,"href":"https:\/\/ronkelcomite.be\/fr\/wp-json\/wp\/v2\/comments?post=1906"}],"version-history":[{"count":5,"href":"https:\/\/ronkelcomite.be\/fr\/wp-json\/wp\/v2\/posts\/1906\/revisions"}],"predecessor-version":[{"id":1914,"href":"https:\/\/ronkelcomite.be\/fr\/wp-json\/wp\/v2\/posts\/1906\/revisions\/1914"}],"wp:attachment":[{"href":"https:\/\/ronkelcomite.be\/fr\/wp-json\/wp\/v2\/media?parent=1906"}],"wp:term":[{"taxonomy":"category","embeddable":true,"href":"https:\/\/ronkelcomite.be\/fr\/wp-json\/wp\/v2\/categories?post=1906"},{"taxonomy":"post_tag","embeddable":true,"href":"https:\/\/ronkelcomite.be\/fr\/wp-json\/wp\/v2\/tags?post=1906"}],"curies":[{"name":"wp","href":"https:\/\/api.w.org\/{rel}","templated":true}]}}