{"id":2024,"date":"2022-03-16T18:47:07","date_gmt":"2022-03-16T18:47:07","guid":{"rendered":"http:\/\/ronkelcomite.be\/nl\/?p=2024"},"modified":"2023-02-12T17:24:02","modified_gmt":"2023-02-12T17:24:02","slug":"2022-03-16-maart-zaaien-voor-de-ronkelpatate","status":"publish","type":"post","link":"https:\/\/ronkelcomite.be\/fr\/2022\/03\/16\/2022-03-16-maart-zaaien-voor-de-ronkelpatate\/","title":{"rendered":"2022\/03\/16 &#8211;   Dimanche 13 mars, nous avons organis\u00e9 un petit atelier \u00ab\u00a0semis de mars\u00a0\u00bb."},"content":{"rendered":"\n<figure class=\"wp-block-gallery has-nested-images columns-default is-cropped wp-block-gallery-1 is-layout-flex wp-block-gallery-is-layout-flex\">\n<figure class=\"wp-block-image size-large\"><img loading=\"lazy\" decoding=\"async\" width=\"1024\" height=\"492\" data-id=\"2026\" src=\"http:\/\/ronkelcomite.be\/wp-content\/uploads\/2022\/03\/IMG_20220313_102800-1024x492.jpg\" alt=\"\" class=\"wp-image-2026\" srcset=\"https:\/\/ronkelcomite.be\/wp-content\/uploads\/2022\/03\/IMG_20220313_102800-1024x492.jpg 1024w, https:\/\/ronkelcomite.be\/wp-content\/uploads\/2022\/03\/IMG_20220313_102800-300x144.jpg 300w, https:\/\/ronkelcomite.be\/wp-content\/uploads\/2022\/03\/IMG_20220313_102800-768x369.jpg 768w, https:\/\/ronkelcomite.be\/wp-content\/uploads\/2022\/03\/IMG_20220313_102800-1536x739.jpg 1536w, https:\/\/ronkelcomite.be\/wp-content\/uploads\/2022\/03\/IMG_20220313_102800.jpg 1620w\" sizes=\"auto, (max-width: 1024px) 100vw, 1024px\" \/><\/figure>\n<\/figure>\n\n\n\n<p>Nous \u00e9tions 6 adultes et 2 enfants, tous faisant partie du projet de potager collectif.<\/p>\n\n\n\n<p>Les semis que nous avons r\u00e9alis\u00e9s durant cet atelier s\u2019axent autour de 4 esp\u00e8ces v\u00e9g\u00e9tales diff\u00e9rentes, particuli\u00e8rement propices \u00e0 \u00eatre sem\u00e9es vers la mi-mars&nbsp;:<\/p>\n\n\n\n<p>\u00b7&nbsp;&nbsp;&nbsp;&nbsp;&nbsp;&nbsp;&nbsp;&nbsp; pois \u00e0 rame \u00e0 \u00e9cosser (h\u00e2tif de mai)<\/p>\n\n\n\n<p>\u00b7&nbsp;&nbsp;&nbsp;&nbsp;&nbsp;&nbsp;&nbsp;&nbsp; laitue \u00e0 couper (Till)<\/p>\n\n\n\n<p>\u00b7&nbsp;&nbsp;&nbsp;&nbsp;&nbsp;&nbsp;&nbsp;&nbsp; chou rave (delikatess bleu)<\/p>\n\n\n\n<p>\u00b7&nbsp;&nbsp;&nbsp;&nbsp;&nbsp;&nbsp;&nbsp;&nbsp; tomate-cerise (cocktail-clementine ou poire jaune)<\/p>\n\n\n\n<p>Nous avons \u00e9chang\u00e9 beaucoup d\u2019informations, entre autres&nbsp;: comment r\u00e9aliser un semis, comment replanter, comment arroser, quel traitement durant la croissance de la plante, quid de la suite etc&#8230;)<\/p>\n\n\n\n<p>C\u2019\u00e9tait dr\u00f4le de se rendre compte \u00e0 quel point un \u00ab&nbsp;simple&nbsp;\u00bb semis peut finalement \u00eatre r\u00e9alis\u00e9 de nombreuses mani\u00e8res diff\u00e9rentes, appropri\u00e9es ou pas au style de culture que nous envisageons.<\/p>\n\n\n\n<p>Nous avons donc \u00e9chang\u00e9 nos connaissances, lectures, id\u00e9es, projets&#8230;<\/p>\n\n\n\n<p>Un aspect positif dans le travail en groupe et la r\u00e9partition des semis est qu\u2019en multipliant les diff\u00e9rentes techniques, styles d\u2019ensoleillements, arrosages, et la mani\u00e8re de faire de chacun, nous multiplions et optimisons aussi nos chances de r\u00e9ussite commune.<\/p>\n\n\n\n<p>Chacun est finalement reparti chez lui avec ses semis, et nous aurons le plaisir de constater d\u2019ici quelques semaines quelles sont les techniques qui ont mieux fonctionn\u00e9 par rapport \u00e0 d\u2019autres.<\/p>\n\n\n\n<p>En fonction des r\u00e9sultats obtenus et des envies, les plantations pourront \u00eatre replant\u00e9es au moment ad\u00e9quat dans notre potager collectif qui est actuellement en plein essor.<\/p>\n\n\n\n<p>Petite matin\u00e9e tr\u00e8s sympa donc, tr\u00e8s motivant pour la suite et tr\u00e8s positif!\u00a0<\/p>\n\n\n\n<figure class=\"wp-block-image size-large\"><img loading=\"lazy\" decoding=\"async\" width=\"1024\" height=\"492\" src=\"http:\/\/ronkelcomite.be\/wp-content\/uploads\/2022\/03\/IMG_20220313_104727-3-1024x492.jpg\" alt=\"\" class=\"wp-image-2039\" srcset=\"https:\/\/ronkelcomite.be\/wp-content\/uploads\/2022\/03\/IMG_20220313_104727-3-1024x492.jpg 1024w, https:\/\/ronkelcomite.be\/wp-content\/uploads\/2022\/03\/IMG_20220313_104727-3-300x144.jpg 300w, https:\/\/ronkelcomite.be\/wp-content\/uploads\/2022\/03\/IMG_20220313_104727-3-768x369.jpg 768w, https:\/\/ronkelcomite.be\/wp-content\/uploads\/2022\/03\/IMG_20220313_104727-3-1536x739.jpg 1536w, https:\/\/ronkelcomite.be\/wp-content\/uploads\/2022\/03\/IMG_20220313_104727-3.jpg 1620w\" sizes=\"auto, (max-width: 1024px) 100vw, 1024px\" \/><\/figure>\n","protected":false},"excerpt":{"rendered":"<p>Nous \u00e9tions 6 adultes et 2 enfants, tous faisant partie du projet de potager collectif. Les semis que nous avons r\u00e9alis\u00e9s durant cet atelier s\u2019axent autour de 4 esp\u00e8ces v\u00e9g\u00e9tales diff\u00e9rentes, particuli\u00e8rement propices \u00e0 \u00eatre sem\u00e9es vers la mi-mars&nbsp;: \u00b7&nbsp;&nbsp;&nbsp;&nbsp;&nbsp;&nbsp;&nbsp;&nbsp;<\/p>\n","protected":false},"author":3,"featured_media":0,"comment_status":"closed","ping_status":"closed","sticky":false,"template":"","format":"standard","meta":{"_uag_custom_page_level_css":"","ngg_post_thumbnail":0,"footnotes":""},"categories":[1],"tags":[],"class_list":["post-2024","post","type-post","status-publish","format-standard","hentry","category-uncategorized"],"uagb_featured_image_src":{"full":false,"thumbnail":false,"medium":false,"medium_large":false,"large":false,"1536x1536":false,"2048x2048":false,"featured-blog-large":false,"featured-blog-medium":false,"featured":false,"featured-blog-medium-small":false},"uagb_author_info":{"display_name":"Bernadette Jambe","author_link":"https:\/\/ronkelcomite.be\/fr\/author\/bernadette\/"},"uagb_comment_info":0,"uagb_excerpt":"Nous \u00e9tions 6 adultes et 2 enfants, tous faisant partie du projet de potager collectif. Les semis que nous avons r\u00e9alis\u00e9s durant cet atelier s\u2019axent autour de 4 esp\u00e8ces v\u00e9g\u00e9tales diff\u00e9rentes, particuli\u00e8rement propices \u00e0 \u00eatre sem\u00e9es vers la mi-mars&nbsp;: \u00b7&nbsp;&nbsp;&nbsp;&nbsp;&nbsp;&nbsp;&nbsp;&nbsp;","_links":{"self":[{"href":"https:\/\/ronkelcomite.be\/fr\/wp-json\/wp\/v2\/posts\/2024","targetHints":{"allow":["GET"]}}],"collection":[{"href":"https:\/\/ronkelcomite.be\/fr\/wp-json\/wp\/v2\/posts"}],"about":[{"href":"https:\/\/ronkelcomite.be\/fr\/wp-json\/wp\/v2\/types\/post"}],"author":[{"embeddable":true,"href":"https:\/\/ronkelcomite.be\/fr\/wp-json\/wp\/v2\/users\/3"}],"replies":[{"embeddable":true,"href":"https:\/\/ronkelcomite.be\/fr\/wp-json\/wp\/v2\/comments?post=2024"}],"version-history":[{"count":8,"href":"https:\/\/ronkelcomite.be\/fr\/wp-json\/wp\/v2\/posts\/2024\/revisions"}],"predecessor-version":[{"id":2684,"href":"https:\/\/ronkelcomite.be\/fr\/wp-json\/wp\/v2\/posts\/2024\/revisions\/2684"}],"wp:attachment":[{"href":"https:\/\/ronkelcomite.be\/fr\/wp-json\/wp\/v2\/media?parent=2024"}],"wp:term":[{"taxonomy":"category","embeddable":true,"href":"https:\/\/ronkelcomite.be\/fr\/wp-json\/wp\/v2\/categories?post=2024"},{"taxonomy":"post_tag","embeddable":true,"href":"https:\/\/ronkelcomite.be\/fr\/wp-json\/wp\/v2\/tags?post=2024"}],"curies":[{"name":"wp","href":"https:\/\/api.w.org\/{rel}","templated":true}]}}