{"id":2147,"date":"2022-06-18T14:16:03","date_gmt":"2022-06-18T14:16:03","guid":{"rendered":"http:\/\/ronkelcomite.be\/nl\/?p=2147"},"modified":"2022-06-20T18:50:40","modified_gmt":"2022-06-20T18:50:40","slug":"2022-06-18-notre-11eme-fete-de-quartier","status":"publish","type":"post","link":"https:\/\/ronkelcomite.be\/fr\/2022\/06\/18\/2022-06-18-notre-11eme-fete-de-quartier\/","title":{"rendered":"2022\/06\/18 :  11\u00e8me F\u00eate de la RONKEL (dimanche 03 juillet 2022 de 10h00 \u00e0 15h)"},"content":{"rendered":"\n<p>Nous sommes donc de retour &nbsp;cette ann\u00e9e pour vous proposer de d\u00e9couvrir ou red\u00e9couvrir ce coin de paradis o\u00f9 il fait bon vivre ensemble et o\u00f9 nous promouvons la production alimentaire locale \u00e9coresponsable et bien s\u00fbr la protection de notre quartier qui subit beaucoup de pressions urbanistiques. <\/p>\n\n\n\n<figure class=\"wp-block-gallery has-nested-images columns-2 is-cropped wp-block-gallery-1 is-layout-flex wp-block-gallery-is-layout-flex\">\n<figure class=\"wp-block-image size-large\"><img loading=\"lazy\" decoding=\"async\" width=\"1024\" height=\"683\" data-id=\"2148\" src=\"http:\/\/ronkelcomite.be\/wp-content\/uploads\/2022\/06\/P1100336-fete-abeilles-1024x683.jpg\" alt=\"\" class=\"wp-image-2148\" srcset=\"https:\/\/ronkelcomite.be\/wp-content\/uploads\/2022\/06\/P1100336-fete-abeilles-1024x683.jpg 1024w, https:\/\/ronkelcomite.be\/wp-content\/uploads\/2022\/06\/P1100336-fete-abeilles-300x200.jpg 300w, https:\/\/ronkelcomite.be\/wp-content\/uploads\/2022\/06\/P1100336-fete-abeilles-768x512.jpg 768w, https:\/\/ronkelcomite.be\/wp-content\/uploads\/2022\/06\/P1100336-fete-abeilles-1536x1024.jpg 1536w, https:\/\/ronkelcomite.be\/wp-content\/uploads\/2022\/06\/P1100336-fete-abeilles.jpg 1620w\" sizes=\"auto, (max-width: 1024px) 100vw, 1024px\" \/><\/figure>\n\n\n\n<figure class=\"wp-block-image size-large\"><img loading=\"lazy\" decoding=\"async\" width=\"1024\" height=\"683\" data-id=\"2150\" src=\"http:\/\/ronkelcomite.be\/wp-content\/uploads\/2022\/06\/P1100372-fete-moutons-1024x683.jpg\" alt=\"\" class=\"wp-image-2150\" srcset=\"https:\/\/ronkelcomite.be\/wp-content\/uploads\/2022\/06\/P1100372-fete-moutons-1024x683.jpg 1024w, https:\/\/ronkelcomite.be\/wp-content\/uploads\/2022\/06\/P1100372-fete-moutons-300x200.jpg 300w, https:\/\/ronkelcomite.be\/wp-content\/uploads\/2022\/06\/P1100372-fete-moutons-768x512.jpg 768w, https:\/\/ronkelcomite.be\/wp-content\/uploads\/2022\/06\/P1100372-fete-moutons-1536x1024.jpg 1536w, https:\/\/ronkelcomite.be\/wp-content\/uploads\/2022\/06\/P1100372-fete-moutons.jpg 1620w\" sizes=\"auto, (max-width: 1024px) 100vw, 1024px\" \/><\/figure>\n\n\n\n<figure class=\"wp-block-image size-large\"><img loading=\"lazy\" decoding=\"async\" width=\"1024\" height=\"683\" data-id=\"2151\" src=\"http:\/\/ronkelcomite.be\/wp-content\/uploads\/2022\/06\/P1100383-fete-buffer-1024x683.jpg\" alt=\"\" class=\"wp-image-2151\" srcset=\"https:\/\/ronkelcomite.be\/wp-content\/uploads\/2022\/06\/P1100383-fete-buffer-1024x683.jpg 1024w, https:\/\/ronkelcomite.be\/wp-content\/uploads\/2022\/06\/P1100383-fete-buffer-300x200.jpg 300w, https:\/\/ronkelcomite.be\/wp-content\/uploads\/2022\/06\/P1100383-fete-buffer-768x512.jpg 768w, https:\/\/ronkelcomite.be\/wp-content\/uploads\/2022\/06\/P1100383-fete-buffer-1536x1024.jpg 1536w, https:\/\/ronkelcomite.be\/wp-content\/uploads\/2022\/06\/P1100383-fete-buffer.jpg 1620w\" sizes=\"auto, (max-width: 1024px) 100vw, 1024px\" \/><\/figure>\n\n\n\n<figure class=\"wp-block-image size-large\"><img loading=\"lazy\" decoding=\"async\" width=\"1024\" height=\"683\" data-id=\"2149\" src=\"http:\/\/ronkelcomite.be\/wp-content\/uploads\/2022\/06\/P1100406-pique-nique-groupe-1024x683.jpg\" alt=\"\" class=\"wp-image-2149\" srcset=\"https:\/\/ronkelcomite.be\/wp-content\/uploads\/2022\/06\/P1100406-pique-nique-groupe-1024x683.jpg 1024w, https:\/\/ronkelcomite.be\/wp-content\/uploads\/2022\/06\/P1100406-pique-nique-groupe-300x200.jpg 300w, https:\/\/ronkelcomite.be\/wp-content\/uploads\/2022\/06\/P1100406-pique-nique-groupe-768x512.jpg 768w, https:\/\/ronkelcomite.be\/wp-content\/uploads\/2022\/06\/P1100406-pique-nique-groupe-1536x1024.jpg 1536w, https:\/\/ronkelcomite.be\/wp-content\/uploads\/2022\/06\/P1100406-pique-nique-groupe.jpg 1620w\" sizes=\"auto, (max-width: 1024px) 100vw, 1024px\" \/><\/figure>\n<\/figure>\n\n\n\n<p class=\"has-vivid-green-cyan-background-color has-background\"><strong>Notre programme :<\/strong><\/p>\n\n\n\n<p>De 10h00 \u00e0 15h00&nbsp;: <strong>\u00ab&nbsp;Ronkel d\u00e9couverte&nbsp;\u00bb<\/strong><\/p>\n\n\n\n<ul class=\"wp-block-list\"><li>Cuisson de pain \u00e0 l\u2019ancienne dans le four de la ferme (\u00e0 partir de 10 h). Si vous souhaitez r\u00e9server un pain, merci de le signaler \u00e0 l\u2019adresse mail suivante\u00a0: <a rel=\"noreferrer noopener\" href=\"mailto:ronkelcomite@gmail.com\" target=\"_blank\"><strong>ronkelcomite@gmail.com<\/strong><\/a><\/li><li>D\u00e9monstration d\u2019un meunier pr\u00e9sent avec sa meule<\/li><li>D\u00e9monstration de rassemblement des moutons par les chiens de Carine (11h30 et \u00e0 14h)\u00a0<\/li><li>Visite des ruches de Yves (\u00e0 10h30 et \u00e0 13h00)\u00a0\u00a0<\/li><li>Visite et explications concernant la station d\u2019\u00e9puration et le compost (11h)<\/li><li>Explications concernant les travaux sur le ring : les actions du RonkelComit\u00e9 (14h30)\u00a0<\/li><li>D\u00e9couverte du poulailler collectif (RonkelOeuf) et du potager collectif (ronkelPatate)( (11h30 et \u00e0 14h) \u00a0<\/li><li>A partir d\u201911h30\u00a0: d\u00e9couverte du vin local \u2018t Hoogveld produit \u00e0 Meise\u00a0\u00a0<\/li><li>A partir de 13h\u00a0: Animation poneys avec le Man\u00e8ge La Motte\u00a0\u00a0<\/li><\/ul>\n\n\n\n<p class=\"has-vivid-green-cyan-background-color has-background\"><strong>ET POUR VOUS RESTAURER<\/strong><\/p>\n\n\n\n<p>\u00ab\u00a0Les glaces de Madame S\u00e9verine\u00a0\u00bb&nbsp;&nbsp;<\/p>\n\n\n\n<p>A partir de 12h&nbsp;: tartines fromage blanc\/radis ou ch\u00e8vre\/miel&nbsp;&nbsp; &nbsp; Le bar sera \u00e9galement ouvert&nbsp;!  Vin local &lsquo;t Hoogveld<\/p>\n\n\n\n<p class=\"has-vivid-green-cyan-background-color has-background\">Lieu : dans la cour de la ferme <strong>Ronkelhof<\/strong>, ronkel, 158 Wemmel &#8211; Parking : sport hall<\/p>\n\n\n\n<p><\/p>\n","protected":false},"excerpt":{"rendered":"<p>Nous sommes donc de retour &nbsp;cette ann\u00e9e pour vous proposer de d\u00e9couvrir ou red\u00e9couvrir ce coin de paradis o\u00f9 il fait bon vivre ensemble et o\u00f9 nous promouvons la production alimentaire locale \u00e9coresponsable et bien s\u00fbr la protection de notre<\/p>\n","protected":false},"author":3,"featured_media":0,"comment_status":"closed","ping_status":"closed","sticky":false,"template":"","format":"standard","meta":{"_uag_custom_page_level_css":"","ngg_post_thumbnail":0,"footnotes":""},"categories":[1],"tags":[],"class_list":["post-2147","post","type-post","status-publish","format-standard","hentry","category-uncategorized"],"uagb_featured_image_src":{"full":false,"thumbnail":false,"medium":false,"medium_large":false,"large":false,"1536x1536":false,"2048x2048":false,"featured-blog-large":false,"featured-blog-medium":false,"featured":false,"featured-blog-medium-small":false},"uagb_author_info":{"display_name":"Bernadette Jambe","author_link":"https:\/\/ronkelcomite.be\/fr\/author\/bernadette\/"},"uagb_comment_info":0,"uagb_excerpt":"Nous sommes donc de retour &nbsp;cette ann\u00e9e pour vous proposer de d\u00e9couvrir ou red\u00e9couvrir ce coin de paradis o\u00f9 il fait bon vivre ensemble et o\u00f9 nous promouvons la production alimentaire locale \u00e9coresponsable et bien s\u00fbr la protection de notre","_links":{"self":[{"href":"https:\/\/ronkelcomite.be\/fr\/wp-json\/wp\/v2\/posts\/2147","targetHints":{"allow":["GET"]}}],"collection":[{"href":"https:\/\/ronkelcomite.be\/fr\/wp-json\/wp\/v2\/posts"}],"about":[{"href":"https:\/\/ronkelcomite.be\/fr\/wp-json\/wp\/v2\/types\/post"}],"author":[{"embeddable":true,"href":"https:\/\/ronkelcomite.be\/fr\/wp-json\/wp\/v2\/users\/3"}],"replies":[{"embeddable":true,"href":"https:\/\/ronkelcomite.be\/fr\/wp-json\/wp\/v2\/comments?post=2147"}],"version-history":[{"count":12,"href":"https:\/\/ronkelcomite.be\/fr\/wp-json\/wp\/v2\/posts\/2147\/revisions"}],"predecessor-version":[{"id":2164,"href":"https:\/\/ronkelcomite.be\/fr\/wp-json\/wp\/v2\/posts\/2147\/revisions\/2164"}],"wp:attachment":[{"href":"https:\/\/ronkelcomite.be\/fr\/wp-json\/wp\/v2\/media?parent=2147"}],"wp:term":[{"taxonomy":"category","embeddable":true,"href":"https:\/\/ronkelcomite.be\/fr\/wp-json\/wp\/v2\/categories?post=2147"},{"taxonomy":"post_tag","embeddable":true,"href":"https:\/\/ronkelcomite.be\/fr\/wp-json\/wp\/v2\/tags?post=2147"}],"curies":[{"name":"wp","href":"https:\/\/api.w.org\/{rel}","templated":true}]}}