{"id":2401,"date":"2022-09-20T16:05:53","date_gmt":"2022-09-20T16:05:53","guid":{"rendered":"http:\/\/ronkelcomite.be\/fr\/?p=2401"},"modified":"2022-09-20T16:05:55","modified_gmt":"2022-09-20T16:05:55","slug":"2022-09-20-le-25-mai-cuisson-de-pain-dans-le-four-de-la-ferme","status":"publish","type":"post","link":"https:\/\/ronkelcomite.be\/fr\/2022\/09\/20\/2022-09-20-le-25-mai-cuisson-de-pain-dans-le-four-de-la-ferme\/","title":{"rendered":"2022\/09\/20 \u2013 Le 25 septembre : cuisson de pain dans le four de la ferme"},"content":{"rendered":"\n<p><em>Vous pouvez <strong><u>r\u00e9server<\/u><\/strong> d\u00e8s maintenant un pain <strong><u>sous r\u00e9serve de disponibilit\u00e9<\/u><\/strong>. Les pains p\u00e8sent +\/- 870g et sont vendus au prix de 5 \u20ac pi\u00e8ce.<\/em><\/p>\n\n\n\n<p><em>L&rsquo;ensemble des p\u00e2tons sera r\u00e9alis\u00e9 par nos soins.&nbsp;<\/em><\/p>\n\n\n\n<figure class=\"wp-block-image size-large is-style-rounded\"><img loading=\"lazy\" decoding=\"async\" width=\"1024\" height=\"768\" src=\"http:\/\/ronkelcomite.be\/wp-content\/uploads\/2022\/09\/IMG_7139-1024x768.jpeg\" alt=\"\" class=\"wp-image-2402\" srcset=\"https:\/\/ronkelcomite.be\/wp-content\/uploads\/2022\/09\/IMG_7139-1024x768.jpeg 1024w, https:\/\/ronkelcomite.be\/wp-content\/uploads\/2022\/09\/IMG_7139-300x225.jpeg 300w, https:\/\/ronkelcomite.be\/wp-content\/uploads\/2022\/09\/IMG_7139-768x576.jpeg 768w, https:\/\/ronkelcomite.be\/wp-content\/uploads\/2022\/09\/IMG_7139.jpeg 1440w\" sizes=\"auto, (max-width: 1024px) 100vw, 1024px\" \/><\/figure>\n\n\n\n<ul class=\"wp-block-list\"><li><em>Pour les pains bio, nous utilisons de la farine Belge :<\/em><em> \u00ab\u00a0Molens van Oudenaarde\u00a0\u00bb. Les graines viennent de chez \u00ab\u00a0F\u00e4rm\u00a0\u00bb Wemmel ou du \u00ab\u00a0Rayon Bio\u00a0\u00bb \u00e0 Jette<\/em><\/li><li><em>Pour les pains \u00ab\u00a0Crunchy\u00a0\u00bb : \u00ab\u00a0Bakers@home\u00a0\u00bb<\/em><\/li><\/ul>\n\n\n\n<p><em>Si vous voulez en commander, il faut <strong><u>imp\u00e9rativement s\u2019inscrire<\/u><\/strong>. Vous pouvez&nbsp; envoyer un mail \u00e0 \u00ab&nbsp;<a href=\"mailto:ronkelcomite@gmail.com\" target=\"_blank\" rel=\"noreferrer noopener\">ronkelcomite@gmail.com<\/a>&nbsp;\u00bb en indiquant vos <strong><u>nom et n\u00b0 de t\u00e9l\u00e9phone<\/u><\/strong>.<\/em><\/p>\n\n\n\n<p><em>Quand les pains seront disponibles, nous vous appellerons le<u><strong> 25\/09<\/strong><\/u> pour venir chercher votre pain <strong><u>le jour m\u00eame avant 16h00<\/u><\/strong>. Vous paierez votre pain quand vous viendrez le chercher. N&rsquo;oubliez pas d\u2019apporter votre sac \u00e0 pain.<\/em><\/p>\n\n\n\n<p>\u00c9tant donn\u00e9 l&rsquo;incertitude de l&rsquo;avenir de la ferme, il existe une probabilit\u00e9 que cette cuisson ne puisse pas se r\u00e9aliser. Nous vous tiendrons bien \u00e9videmment inform\u00e9s.<em><\/em><\/p>\n","protected":false},"excerpt":{"rendered":"<p>Vous pouvez r\u00e9server d\u00e8s maintenant un pain sous r\u00e9serve de disponibilit\u00e9. Les pains p\u00e8sent +\/- 870g et sont vendus au prix de 5 \u20ac pi\u00e8ce. L&rsquo;ensemble des p\u00e2tons sera r\u00e9alis\u00e9 par nos soins.&nbsp; Pour les pains bio, nous utilisons de<\/p>\n","protected":false},"author":3,"featured_media":0,"comment_status":"closed","ping_status":"closed","sticky":false,"template":"","format":"standard","meta":{"_uag_custom_page_level_css":"","ngg_post_thumbnail":0,"footnotes":""},"categories":[1],"tags":[],"class_list":["post-2401","post","type-post","status-publish","format-standard","hentry","category-uncategorized"],"uagb_featured_image_src":{"full":false,"thumbnail":false,"medium":false,"medium_large":false,"large":false,"1536x1536":false,"2048x2048":false,"featured-blog-large":false,"featured-blog-medium":false,"featured":false,"featured-blog-medium-small":false},"uagb_author_info":{"display_name":"Bernadette Jambe","author_link":"https:\/\/ronkelcomite.be\/fr\/author\/bernadette\/"},"uagb_comment_info":0,"uagb_excerpt":"Vous pouvez r\u00e9server d\u00e8s maintenant un pain sous r\u00e9serve de disponibilit\u00e9. Les pains p\u00e8sent +\/- 870g et sont vendus au prix de 5 \u20ac pi\u00e8ce. L&rsquo;ensemble des p\u00e2tons sera r\u00e9alis\u00e9 par nos soins.&nbsp; Pour les pains bio, nous utilisons de","_links":{"self":[{"href":"https:\/\/ronkelcomite.be\/fr\/wp-json\/wp\/v2\/posts\/2401","targetHints":{"allow":["GET"]}}],"collection":[{"href":"https:\/\/ronkelcomite.be\/fr\/wp-json\/wp\/v2\/posts"}],"about":[{"href":"https:\/\/ronkelcomite.be\/fr\/wp-json\/wp\/v2\/types\/post"}],"author":[{"embeddable":true,"href":"https:\/\/ronkelcomite.be\/fr\/wp-json\/wp\/v2\/users\/3"}],"replies":[{"embeddable":true,"href":"https:\/\/ronkelcomite.be\/fr\/wp-json\/wp\/v2\/comments?post=2401"}],"version-history":[{"count":4,"href":"https:\/\/ronkelcomite.be\/fr\/wp-json\/wp\/v2\/posts\/2401\/revisions"}],"predecessor-version":[{"id":2406,"href":"https:\/\/ronkelcomite.be\/fr\/wp-json\/wp\/v2\/posts\/2401\/revisions\/2406"}],"wp:attachment":[{"href":"https:\/\/ronkelcomite.be\/fr\/wp-json\/wp\/v2\/media?parent=2401"}],"wp:term":[{"taxonomy":"category","embeddable":true,"href":"https:\/\/ronkelcomite.be\/fr\/wp-json\/wp\/v2\/categories?post=2401"},{"taxonomy":"post_tag","embeddable":true,"href":"https:\/\/ronkelcomite.be\/fr\/wp-json\/wp\/v2\/tags?post=2401"}],"curies":[{"name":"wp","href":"https:\/\/api.w.org\/{rel}","templated":true}]}}