{"id":2407,"date":"2022-09-27T06:52:40","date_gmt":"2022-09-27T06:52:40","guid":{"rendered":"http:\/\/ronkelcomite.be\/fr\/?p=2407"},"modified":"2022-09-27T06:52:42","modified_gmt":"2022-09-27T06:52:42","slug":"2022-09-26-le-four-a-pain-a-bien-fonctionne","status":"publish","type":"post","link":"https:\/\/ronkelcomite.be\/fr\/2022\/09\/27\/2022-09-26-le-four-a-pain-a-bien-fonctionne\/","title":{"rendered":"2022\/09\/27 : le four \u00e0 pain a bien fonctionn\u00e9!"},"content":{"rendered":"\n<p>Apr\u00e8s la cuisson du mois d&rsquo;ao\u00fbt, des briques de la vo\u00fbte du  four \u00e0 pain se sont descell\u00e9es. Nous savons depuis un moment que le four a besoin d&rsquo;une r\u00e9novation en profondeur pour pouvoir continuer \u00e0 fonctionner. Le RonkelComit\u00e9 a donc proc\u00e9d\u00e9 \u00e0  une r\u00e9paration temporaire dans les r\u00e8gles de l&rsquo;art avant la cuisson de ce dimanche.<\/p>\n\n\n\n<figure class=\"wp-block-gallery has-nested-images columns-default is-cropped wp-block-gallery-1 is-layout-flex wp-block-gallery-is-layout-flex\">\n<figure class=\"wp-block-image size-large\"><img loading=\"lazy\" decoding=\"async\" width=\"768\" height=\"1024\" data-id=\"2409\" src=\"http:\/\/ronkelcomite.be\/wp-content\/uploads\/2022\/09\/20220829_105249-768x1024.jpg\" alt=\"\" class=\"wp-image-2409\" srcset=\"https:\/\/ronkelcomite.be\/wp-content\/uploads\/2022\/09\/20220829_105249-768x1024.jpg 768w, https:\/\/ronkelcomite.be\/wp-content\/uploads\/2022\/09\/20220829_105249-225x300.jpg 225w, https:\/\/ronkelcomite.be\/wp-content\/uploads\/2022\/09\/20220829_105249-rotated.jpg 1080w\" sizes=\"auto, (max-width: 768px) 100vw, 768px\" \/><\/figure>\n\n\n\n<figure class=\"wp-block-image size-large\"><img loading=\"lazy\" decoding=\"async\" width=\"1024\" height=\"768\" data-id=\"2410\" src=\"http:\/\/ronkelcomite.be\/wp-content\/uploads\/2022\/09\/20220829_154615-1024x768.jpg\" alt=\"\" class=\"wp-image-2410\" srcset=\"https:\/\/ronkelcomite.be\/wp-content\/uploads\/2022\/09\/20220829_154615-1024x768.jpg 1024w, https:\/\/ronkelcomite.be\/wp-content\/uploads\/2022\/09\/20220829_154615-300x225.jpg 300w, https:\/\/ronkelcomite.be\/wp-content\/uploads\/2022\/09\/20220829_154615-768x576.jpg 768w, https:\/\/ronkelcomite.be\/wp-content\/uploads\/2022\/09\/20220829_154615.jpg 1440w\" sizes=\"auto, (max-width: 1024px) 100vw, 1024px\" \/><\/figure>\n<\/figure>\n\n\n\n<p>La r\u00e9paration semble ad\u00e9quate, le four a bien fonctionn\u00e9 ce dimanche et la vo\u00fbte est bien stable dor\u00e9navant! Nous avons pu cuire nos 40 pains!<\/p>\n","protected":false},"excerpt":{"rendered":"<p>Apr\u00e8s la cuisson du mois d&rsquo;ao\u00fbt, des briques de la vo\u00fbte du four \u00e0 pain se sont descell\u00e9es. Nous savons depuis un moment que le four a besoin d&rsquo;une r\u00e9novation en profondeur pour pouvoir continuer \u00e0 fonctionner. Le RonkelComit\u00e9 a<\/p>\n","protected":false},"author":3,"featured_media":0,"comment_status":"closed","ping_status":"closed","sticky":false,"template":"","format":"standard","meta":{"_uag_custom_page_level_css":"","ngg_post_thumbnail":0,"footnotes":""},"categories":[1],"tags":[],"class_list":["post-2407","post","type-post","status-publish","format-standard","hentry","category-uncategorized"],"uagb_featured_image_src":{"full":false,"thumbnail":false,"medium":false,"medium_large":false,"large":false,"1536x1536":false,"2048x2048":false,"featured-blog-large":false,"featured-blog-medium":false,"featured":false,"featured-blog-medium-small":false},"uagb_author_info":{"display_name":"Bernadette Jambe","author_link":"https:\/\/ronkelcomite.be\/fr\/author\/bernadette\/"},"uagb_comment_info":0,"uagb_excerpt":"Apr\u00e8s la cuisson du mois d&rsquo;ao\u00fbt, des briques de la vo\u00fbte du four \u00e0 pain se sont descell\u00e9es. Nous savons depuis un moment que le four a besoin d&rsquo;une r\u00e9novation en profondeur pour pouvoir continuer \u00e0 fonctionner. Le RonkelComit\u00e9 a","_links":{"self":[{"href":"https:\/\/ronkelcomite.be\/fr\/wp-json\/wp\/v2\/posts\/2407","targetHints":{"allow":["GET"]}}],"collection":[{"href":"https:\/\/ronkelcomite.be\/fr\/wp-json\/wp\/v2\/posts"}],"about":[{"href":"https:\/\/ronkelcomite.be\/fr\/wp-json\/wp\/v2\/types\/post"}],"author":[{"embeddable":true,"href":"https:\/\/ronkelcomite.be\/fr\/wp-json\/wp\/v2\/users\/3"}],"replies":[{"embeddable":true,"href":"https:\/\/ronkelcomite.be\/fr\/wp-json\/wp\/v2\/comments?post=2407"}],"version-history":[{"count":4,"href":"https:\/\/ronkelcomite.be\/fr\/wp-json\/wp\/v2\/posts\/2407\/revisions"}],"predecessor-version":[{"id":2413,"href":"https:\/\/ronkelcomite.be\/fr\/wp-json\/wp\/v2\/posts\/2407\/revisions\/2413"}],"wp:attachment":[{"href":"https:\/\/ronkelcomite.be\/fr\/wp-json\/wp\/v2\/media?parent=2407"}],"wp:term":[{"taxonomy":"category","embeddable":true,"href":"https:\/\/ronkelcomite.be\/fr\/wp-json\/wp\/v2\/categories?post=2407"},{"taxonomy":"post_tag","embeddable":true,"href":"https:\/\/ronkelcomite.be\/fr\/wp-json\/wp\/v2\/tags?post=2407"}],"curies":[{"name":"wp","href":"https:\/\/api.w.org\/{rel}","templated":true}]}}