{"id":2414,"date":"2022-09-27T07:11:50","date_gmt":"2022-09-27T07:11:50","guid":{"rendered":"http:\/\/ronkelcomite.be\/nl\/?p=2414"},"modified":"2022-09-27T07:22:57","modified_gmt":"2022-09-27T07:22:57","slug":"2022-09-27-le-ronkelpatate-se-prepare-pour-lhiver","status":"publish","type":"post","link":"https:\/\/ronkelcomite.be\/fr\/2022\/09\/27\/2022-09-27-le-ronkelpatate-se-prepare-pour-lhiver\/","title":{"rendered":"2022\/09\/27 : Le RonkelPatate se pr\u00e9pare pour l&rsquo;hiver"},"content":{"rendered":"\n<p>De grand travaux ont \u00e9t\u00e9 men\u00e9s au potager collectif du quartier Ronkel. Le sol a \u00e9t\u00e9 pr\u00e9par\u00e9 pour l&rsquo;hiver, les d\u00e9chets verts broy\u00e9s et le compost aliment\u00e9 et les chemins ont re\u00e7u une nouvelle couche de copeaux.<\/p>\n\n\n\n<figure class=\"wp-block-gallery has-nested-images columns-default is-cropped wp-block-gallery-1 is-layout-flex wp-block-gallery-is-layout-flex\">\n<figure class=\"wp-block-image size-large\"><a href=\"http:\/\/ronkelcomite.be\/wp-content\/uploads\/2022\/09\/20220922_155535-3.jpg\" target=\"_blank\" rel=\"noreferrer noopener\"><img loading=\"lazy\" decoding=\"async\" width=\"1024\" height=\"768\" data-id=\"2427\" src=\"http:\/\/ronkelcomite.be\/wp-content\/uploads\/2022\/09\/20220922_155535-3-1024x768.jpg\" alt=\"\" class=\"wp-image-2427\" srcset=\"https:\/\/ronkelcomite.be\/wp-content\/uploads\/2022\/09\/20220922_155535-3-1024x768.jpg 1024w, https:\/\/ronkelcomite.be\/wp-content\/uploads\/2022\/09\/20220922_155535-3-300x225.jpg 300w, https:\/\/ronkelcomite.be\/wp-content\/uploads\/2022\/09\/20220922_155535-3-768x576.jpg 768w, https:\/\/ronkelcomite.be\/wp-content\/uploads\/2022\/09\/20220922_155535-3.jpg 1440w\" sizes=\"auto, (max-width: 1024px) 100vw, 1024px\" \/><\/a><\/figure>\n\n\n\n<figure class=\"wp-block-image size-large\"><a href=\"http:\/\/ronkelcomite.be\/wp-content\/uploads\/2022\/09\/20220926_123234-2.jpg\" target=\"_blank\" rel=\"noreferrer noopener\"><img loading=\"lazy\" decoding=\"async\" width=\"1024\" height=\"768\" data-id=\"2426\" src=\"http:\/\/ronkelcomite.be\/wp-content\/uploads\/2022\/09\/20220926_123234-2-1024x768.jpg\" alt=\"\" class=\"wp-image-2426\" srcset=\"https:\/\/ronkelcomite.be\/wp-content\/uploads\/2022\/09\/20220926_123234-2-1024x768.jpg 1024w, https:\/\/ronkelcomite.be\/wp-content\/uploads\/2022\/09\/20220926_123234-2-300x225.jpg 300w, https:\/\/ronkelcomite.be\/wp-content\/uploads\/2022\/09\/20220926_123234-2-768x576.jpg 768w, https:\/\/ronkelcomite.be\/wp-content\/uploads\/2022\/09\/20220926_123234-2.jpg 1440w\" sizes=\"auto, (max-width: 1024px) 100vw, 1024px\" \/><\/a><\/figure>\n<\/figure>\n\n\n\n<figure class=\"wp-block-gallery has-nested-images columns-default is-cropped wp-block-gallery-2 is-layout-flex wp-block-gallery-is-layout-flex\">\n<figure class=\"wp-block-image size-large\"><img loading=\"lazy\" decoding=\"async\" width=\"768\" height=\"1024\" data-id=\"2425\" src=\"http:\/\/ronkelcomite.be\/wp-content\/uploads\/2022\/09\/20220923_145759-1-768x1024.jpg\" alt=\"\" class=\"wp-image-2425\" srcset=\"https:\/\/ronkelcomite.be\/wp-content\/uploads\/2022\/09\/20220923_145759-1-768x1024.jpg 768w, https:\/\/ronkelcomite.be\/wp-content\/uploads\/2022\/09\/20220923_145759-1-225x300.jpg 225w, https:\/\/ronkelcomite.be\/wp-content\/uploads\/2022\/09\/20220923_145759-1-rotated.jpg 1080w\" sizes=\"auto, (max-width: 768px) 100vw, 768px\" \/><\/figure>\n\n\n\n<figure class=\"wp-block-image size-large\"><img loading=\"lazy\" decoding=\"async\" width=\"768\" height=\"1024\" data-id=\"2424\" src=\"http:\/\/ronkelcomite.be\/wp-content\/uploads\/2022\/09\/20220926_123242-1-768x1024.jpg\" alt=\"\" class=\"wp-image-2424\" srcset=\"https:\/\/ronkelcomite.be\/wp-content\/uploads\/2022\/09\/20220926_123242-1-768x1024.jpg 768w, https:\/\/ronkelcomite.be\/wp-content\/uploads\/2022\/09\/20220926_123242-1-225x300.jpg 225w, https:\/\/ronkelcomite.be\/wp-content\/uploads\/2022\/09\/20220926_123242-1-rotated.jpg 1080w\" sizes=\"auto, (max-width: 768px) 100vw, 768px\" \/><\/figure>\n<\/figure>\n","protected":false},"excerpt":{"rendered":"<p>De grand travaux ont \u00e9t\u00e9 men\u00e9s au potager collectif du quartier Ronkel. Le sol a \u00e9t\u00e9 pr\u00e9par\u00e9 pour l&rsquo;hiver, les d\u00e9chets verts broy\u00e9s et le compost aliment\u00e9 et les chemins ont re\u00e7u une nouvelle couche de copeaux.<\/p>\n","protected":false},"author":3,"featured_media":0,"comment_status":"closed","ping_status":"closed","sticky":false,"template":"","format":"standard","meta":{"_uag_custom_page_level_css":"","ngg_post_thumbnail":0,"footnotes":""},"categories":[1],"tags":[],"class_list":["post-2414","post","type-post","status-publish","format-standard","hentry","category-uncategorized"],"uagb_featured_image_src":{"full":false,"thumbnail":false,"medium":false,"medium_large":false,"large":false,"1536x1536":false,"2048x2048":false,"featured-blog-large":false,"featured-blog-medium":false,"featured":false,"featured-blog-medium-small":false},"uagb_author_info":{"display_name":"Bernadette Jambe","author_link":"https:\/\/ronkelcomite.be\/fr\/author\/bernadette\/"},"uagb_comment_info":0,"uagb_excerpt":"De grand travaux ont \u00e9t\u00e9 men\u00e9s au potager collectif du quartier Ronkel. Le sol a \u00e9t\u00e9 pr\u00e9par\u00e9 pour l&rsquo;hiver, les d\u00e9chets verts broy\u00e9s et le compost aliment\u00e9 et les chemins ont re\u00e7u une nouvelle couche de copeaux.","_links":{"self":[{"href":"https:\/\/ronkelcomite.be\/fr\/wp-json\/wp\/v2\/posts\/2414","targetHints":{"allow":["GET"]}}],"collection":[{"href":"https:\/\/ronkelcomite.be\/fr\/wp-json\/wp\/v2\/posts"}],"about":[{"href":"https:\/\/ronkelcomite.be\/fr\/wp-json\/wp\/v2\/types\/post"}],"author":[{"embeddable":true,"href":"https:\/\/ronkelcomite.be\/fr\/wp-json\/wp\/v2\/users\/3"}],"replies":[{"embeddable":true,"href":"https:\/\/ronkelcomite.be\/fr\/wp-json\/wp\/v2\/comments?post=2414"}],"version-history":[{"count":7,"href":"https:\/\/ronkelcomite.be\/fr\/wp-json\/wp\/v2\/posts\/2414\/revisions"}],"predecessor-version":[{"id":2435,"href":"https:\/\/ronkelcomite.be\/fr\/wp-json\/wp\/v2\/posts\/2414\/revisions\/2435"}],"wp:attachment":[{"href":"https:\/\/ronkelcomite.be\/fr\/wp-json\/wp\/v2\/media?parent=2414"}],"wp:term":[{"taxonomy":"category","embeddable":true,"href":"https:\/\/ronkelcomite.be\/fr\/wp-json\/wp\/v2\/categories?post=2414"},{"taxonomy":"post_tag","embeddable":true,"href":"https:\/\/ronkelcomite.be\/fr\/wp-json\/wp\/v2\/tags?post=2414"}],"curies":[{"name":"wp","href":"https:\/\/api.w.org\/{rel}","templated":true}]}}