{"id":2454,"date":"2022-10-13T10:06:58","date_gmt":"2022-10-13T10:06:58","guid":{"rendered":"http:\/\/ronkelcomite.be\/nl\/?p=2454"},"modified":"2022-10-13T10:08:57","modified_gmt":"2022-10-13T10:08:57","slug":"2022-10-13-le-30-octobre-cuisson-de-pain-dans-le-four-de-la-ferme","status":"publish","type":"post","link":"https:\/\/ronkelcomite.be\/fr\/2022\/10\/13\/2022-10-13-le-30-octobre-cuisson-de-pain-dans-le-four-de-la-ferme\/","title":{"rendered":"2022\/10\/13 \u2013 Le 30 oktober : cuisson de pain dans le four de la ferme"},"content":{"rendered":"\n<p><em>Vous pouvez&nbsp;<strong><u>r\u00e9server<\/u><\/strong>&nbsp;d\u00e8s maintenant un pain&nbsp;<strong><u>sous r\u00e9serve de disponibilit\u00e9<\/u><\/strong>. Les pains p\u00e8sent +\/- 870g et sont vendus au prix de 5 \u20ac pi\u00e8ce.<\/em><\/p>\n\n\n\n<p><em>L\u2019ensemble des p\u00e2tons sera r\u00e9alis\u00e9 par nos soins.&nbsp;<\/em><\/p>\n\n\n\n<figure class=\"wp-block-image size-large is-style-default\"><img loading=\"lazy\" decoding=\"async\" width=\"1024\" height=\"768\" src=\"http:\/\/ronkelcomite.be\/wp-content\/uploads\/2022\/10\/20220828_164831-1024x768.jpg\" alt=\"\" class=\"wp-image-2456\" srcset=\"https:\/\/ronkelcomite.be\/wp-content\/uploads\/2022\/10\/20220828_164831-1024x768.jpg 1024w, https:\/\/ronkelcomite.be\/wp-content\/uploads\/2022\/10\/20220828_164831-300x225.jpg 300w, https:\/\/ronkelcomite.be\/wp-content\/uploads\/2022\/10\/20220828_164831-768x576.jpg 768w, https:\/\/ronkelcomite.be\/wp-content\/uploads\/2022\/10\/20220828_164831.jpg 1440w\" sizes=\"auto, (max-width: 1024px) 100vw, 1024px\" \/><\/figure>\n\n\n\n<ul class=\"wp-block-list\"><li><em>Pour les pains bio, nous utilisons de la farine Belge :<\/em><em>&nbsp;\u201cMolens van Oudenaarde\u201d. Les graines viennent de chez \u201cF\u00e4rm\u201d Wemmel ou du \u201cRayon Bio\u201d \u00e0 Jette<\/em><\/li><li><em>Pour les pains \u201cCrunchy\u201d : \u201cBakers@home\u201d<\/em><\/li><\/ul>\n\n\n\n<p><em>Si vous voulez en commander, il faut&nbsp;<strong><u>imp\u00e9rativement s\u2019inscrire<\/u><\/strong>. Vous pouvez&nbsp; envoyer un mail \u00e0 \u00ab&nbsp;<a href=\"mailto:ronkelcomite@gmail.com\" target=\"_blank\" rel=\"noreferrer noopener\">ronkelcomite@gmail.com<\/a>&nbsp;\u00bb en indiquant vos&nbsp;<strong><u>nom et n\u00b0 de t\u00e9l\u00e9phone<\/u><\/strong>.<\/em><\/p>\n\n\n\n<p><em>Quand les pains seront disponibles, nous vous appellerons le<u><strong>&nbsp;30\/10<\/strong><\/u> pour venir chercher votre pain&nbsp;<strong><u>le jour m\u00eame <\/u><\/strong>. Vous paierez votre pain quand vous viendrez le chercher. N\u2019oubliez pas d\u2019apporter votre sac \u00e0 pain.<\/em><\/p>\n\n\n\n<p><em>Des <strong>noix Ronkel<\/strong>  seront \u00e9galement \u00e0 votre disposition. Prix de vente : entre 0 et 3 euros\/kg au choix.<\/em><\/p>\n\n\n\n<p>\u00c9tant donn\u00e9 l\u2019incertitude de l\u2019avenir de la ferme, il existe une probabilit\u00e9 que cette cuisson ne puisse pas se r\u00e9aliser. Nous vous tiendrons bien \u00e9videmment inform\u00e9s.<\/p>\n","protected":false},"excerpt":{"rendered":"<p>Vous pouvez&nbsp;r\u00e9server&nbsp;d\u00e8s maintenant un pain&nbsp;sous r\u00e9serve de disponibilit\u00e9. Les pains p\u00e8sent +\/- 870g et sont vendus au prix de 5 \u20ac pi\u00e8ce. L\u2019ensemble des p\u00e2tons sera r\u00e9alis\u00e9 par nos soins.&nbsp; Pour les pains bio, nous utilisons de la farine Belge<\/p>\n","protected":false},"author":3,"featured_media":0,"comment_status":"closed","ping_status":"closed","sticky":false,"template":"","format":"standard","meta":{"_uag_custom_page_level_css":"","ngg_post_thumbnail":0,"footnotes":""},"categories":[1],"tags":[],"class_list":["post-2454","post","type-post","status-publish","format-standard","hentry","category-uncategorized"],"uagb_featured_image_src":{"full":false,"thumbnail":false,"medium":false,"medium_large":false,"large":false,"1536x1536":false,"2048x2048":false,"featured-blog-large":false,"featured-blog-medium":false,"featured":false,"featured-blog-medium-small":false},"uagb_author_info":{"display_name":"Bernadette Jambe","author_link":"https:\/\/ronkelcomite.be\/fr\/author\/bernadette\/"},"uagb_comment_info":0,"uagb_excerpt":"Vous pouvez&nbsp;r\u00e9server&nbsp;d\u00e8s maintenant un pain&nbsp;sous r\u00e9serve de disponibilit\u00e9. Les pains p\u00e8sent +\/- 870g et sont vendus au prix de 5 \u20ac pi\u00e8ce. L\u2019ensemble des p\u00e2tons sera r\u00e9alis\u00e9 par nos soins.&nbsp; Pour les pains bio, nous utilisons de la farine Belge","_links":{"self":[{"href":"https:\/\/ronkelcomite.be\/fr\/wp-json\/wp\/v2\/posts\/2454","targetHints":{"allow":["GET"]}}],"collection":[{"href":"https:\/\/ronkelcomite.be\/fr\/wp-json\/wp\/v2\/posts"}],"about":[{"href":"https:\/\/ronkelcomite.be\/fr\/wp-json\/wp\/v2\/types\/post"}],"author":[{"embeddable":true,"href":"https:\/\/ronkelcomite.be\/fr\/wp-json\/wp\/v2\/users\/3"}],"replies":[{"embeddable":true,"href":"https:\/\/ronkelcomite.be\/fr\/wp-json\/wp\/v2\/comments?post=2454"}],"version-history":[{"count":4,"href":"https:\/\/ronkelcomite.be\/fr\/wp-json\/wp\/v2\/posts\/2454\/revisions"}],"predecessor-version":[{"id":2460,"href":"https:\/\/ronkelcomite.be\/fr\/wp-json\/wp\/v2\/posts\/2454\/revisions\/2460"}],"wp:attachment":[{"href":"https:\/\/ronkelcomite.be\/fr\/wp-json\/wp\/v2\/media?parent=2454"}],"wp:term":[{"taxonomy":"category","embeddable":true,"href":"https:\/\/ronkelcomite.be\/fr\/wp-json\/wp\/v2\/categories?post=2454"},{"taxonomy":"post_tag","embeddable":true,"href":"https:\/\/ronkelcomite.be\/fr\/wp-json\/wp\/v2\/tags?post=2454"}],"curies":[{"name":"wp","href":"https:\/\/api.w.org\/{rel}","templated":true}]}}