{"id":2463,"date":"2022-11-25T17:13:08","date_gmt":"2022-11-25T17:13:08","guid":{"rendered":"http:\/\/ronkelcomite.be\/fr\/?p=2463"},"modified":"2022-11-25T17:13:09","modified_gmt":"2022-11-25T17:13:09","slug":"brouillon-auto","status":"publish","type":"post","link":"https:\/\/ronkelcomite.be\/fr\/2022\/11\/25\/brouillon-auto\/","title":{"rendered":"2022\/11\/25 \u2013 Le 27 novembre : cuisson de pain dans le four de la ferme"},"content":{"rendered":"\n<p><em>Vous pouvez&nbsp;<strong><u>r\u00e9server<\/u><\/strong>&nbsp;d\u00e8s maintenant un pain&nbsp;<strong><u>sous r\u00e9serve de disponibilit\u00e9<\/u><\/strong>. Les pains p\u00e8sent +\/- 870g et sont vendus au prix de 5 \u20ac pi\u00e8ce.<\/em><\/p>\n\n\n\n<p><em>L\u2019ensemble des p\u00e2tons sera r\u00e9alis\u00e9 par nos soins.\u00a0<\/em><\/p>\n\n\n\n<figure class=\"wp-block-gallery has-nested-images columns-default is-cropped wp-block-gallery-1 is-layout-flex wp-block-gallery-is-layout-flex\">\n<figure class=\"wp-block-image size-large\"><img loading=\"lazy\" decoding=\"async\" width=\"1024\" height=\"683\" data-id=\"2464\" src=\"http:\/\/ronkelcomite.be\/wp-content\/uploads\/2022\/11\/P1190116-1024x683.jpg\" alt=\"\" class=\"wp-image-2464\" srcset=\"https:\/\/ronkelcomite.be\/wp-content\/uploads\/2022\/11\/P1190116-1024x683.jpg 1024w, https:\/\/ronkelcomite.be\/wp-content\/uploads\/2022\/11\/P1190116-300x200.jpg 300w, https:\/\/ronkelcomite.be\/wp-content\/uploads\/2022\/11\/P1190116-768x512.jpg 768w, https:\/\/ronkelcomite.be\/wp-content\/uploads\/2022\/11\/P1190116-1536x1024.jpg 1536w, https:\/\/ronkelcomite.be\/wp-content\/uploads\/2022\/11\/P1190116.jpg 1620w\" sizes=\"auto, (max-width: 1024px) 100vw, 1024px\" \/><\/figure>\n\n\n\n<figure class=\"wp-block-image size-large\"><img loading=\"lazy\" decoding=\"async\" width=\"1024\" height=\"683\" data-id=\"2465\" src=\"http:\/\/ronkelcomite.be\/wp-content\/uploads\/2022\/11\/P1190117-1024x683.jpg\" alt=\"\" class=\"wp-image-2465\" srcset=\"https:\/\/ronkelcomite.be\/wp-content\/uploads\/2022\/11\/P1190117-1024x683.jpg 1024w, https:\/\/ronkelcomite.be\/wp-content\/uploads\/2022\/11\/P1190117-300x200.jpg 300w, https:\/\/ronkelcomite.be\/wp-content\/uploads\/2022\/11\/P1190117-768x512.jpg 768w, https:\/\/ronkelcomite.be\/wp-content\/uploads\/2022\/11\/P1190117-1536x1024.jpg 1536w, https:\/\/ronkelcomite.be\/wp-content\/uploads\/2022\/11\/P1190117.jpg 1620w\" sizes=\"auto, (max-width: 1024px) 100vw, 1024px\" \/><\/figure>\n\n\n\n<figure class=\"wp-block-image size-large\"><img loading=\"lazy\" decoding=\"async\" width=\"1024\" height=\"683\" data-id=\"2466\" src=\"http:\/\/ronkelcomite.be\/wp-content\/uploads\/2022\/11\/P1190127-1024x683.jpg\" alt=\"\" class=\"wp-image-2466\" srcset=\"https:\/\/ronkelcomite.be\/wp-content\/uploads\/2022\/11\/P1190127-1024x683.jpg 1024w, https:\/\/ronkelcomite.be\/wp-content\/uploads\/2022\/11\/P1190127-300x200.jpg 300w, https:\/\/ronkelcomite.be\/wp-content\/uploads\/2022\/11\/P1190127-768x512.jpg 768w, https:\/\/ronkelcomite.be\/wp-content\/uploads\/2022\/11\/P1190127-1536x1024.jpg 1536w, https:\/\/ronkelcomite.be\/wp-content\/uploads\/2022\/11\/P1190127.jpg 1620w\" sizes=\"auto, (max-width: 1024px) 100vw, 1024px\" \/><\/figure>\n\n\n\n<figure class=\"wp-block-image size-large\"><img loading=\"lazy\" decoding=\"async\" width=\"1024\" height=\"683\" data-id=\"2467\" src=\"http:\/\/ronkelcomite.be\/wp-content\/uploads\/2022\/11\/P1190128-1024x683.jpg\" alt=\"\" class=\"wp-image-2467\" srcset=\"https:\/\/ronkelcomite.be\/wp-content\/uploads\/2022\/11\/P1190128-1024x683.jpg 1024w, https:\/\/ronkelcomite.be\/wp-content\/uploads\/2022\/11\/P1190128-300x200.jpg 300w, https:\/\/ronkelcomite.be\/wp-content\/uploads\/2022\/11\/P1190128-768x512.jpg 768w, https:\/\/ronkelcomite.be\/wp-content\/uploads\/2022\/11\/P1190128-1536x1024.jpg 1536w, https:\/\/ronkelcomite.be\/wp-content\/uploads\/2022\/11\/P1190128.jpg 1620w\" sizes=\"auto, (max-width: 1024px) 100vw, 1024px\" \/><\/figure>\n<\/figure>\n\n\n\n<ul class=\"wp-block-list\">\n<li><em>Pour les pains bio, nous utilisons de la farine Belge :<\/em><em>&nbsp;\u201cMolens van Oudenaarde\u201d. Les graines viennent de chez \u201cF\u00e4rm\u201d Wemmel ou du \u201cRayon Bio\u201d \u00e0 Jette<\/em><\/li>\n\n\n\n<li><em>Pour les pains \u201cCrunchy\u201d : \u201cBakers@home\u201d<\/em><\/li>\n<\/ul>\n\n\n\n<p><em>Si vous voulez en commander, il faut&nbsp;<strong><u>imp\u00e9rativement s\u2019inscrire<\/u><\/strong>. Vous pouvez&nbsp; envoyer un mail \u00e0 \u00ab&nbsp;<a href=\"mailto:ronkelcomite@gmail.com\" target=\"_blank\" rel=\"noreferrer noopener\">ronkelcomite@gmail.com<\/a>&nbsp;\u00bb en indiquant vos&nbsp;<strong><u>nom et n\u00b0 de t\u00e9l\u00e9phone<\/u><\/strong>.<\/em><\/p>\n\n\n\n<p><em>Quand les pains seront disponibles, nous vous appellerons le<u><strong>\u00a027\/11<\/strong><\/u> pour venir chercher votre pain\u00a0<strong><u>le jour m\u00eame\u00a0<\/u><\/strong>. Vous paierez votre pain quand vous viendrez le chercher. N\u2019oubliez pas d\u2019apporter votre sac \u00e0 pain.<\/em><\/p>\n\n\n\n<p><em>Des\u00a0<strong>noix Ronkel<\/strong>\u00a0seront \u00e9galement \u00e0 votre disposition. Prix de vente : 3 euros\/kg .<\/em><\/p>\n\n\n\n<p><\/p>\n","protected":false},"excerpt":{"rendered":"<p>Vous pouvez&nbsp;r\u00e9server&nbsp;d\u00e8s maintenant un pain&nbsp;sous r\u00e9serve de disponibilit\u00e9. Les pains p\u00e8sent +\/- 870g et sont vendus au prix de 5 \u20ac pi\u00e8ce. L\u2019ensemble des p\u00e2tons sera r\u00e9alis\u00e9 par nos soins.\u00a0 Si vous voulez en commander, il faut&nbsp;imp\u00e9rativement s\u2019inscrire. Vous pouvez&nbsp;<\/p>\n","protected":false},"author":3,"featured_media":0,"comment_status":"closed","ping_status":"closed","sticky":false,"template":"","format":"standard","meta":{"_uag_custom_page_level_css":"","ngg_post_thumbnail":0,"footnotes":""},"categories":[1],"tags":[],"class_list":["post-2463","post","type-post","status-publish","format-standard","hentry","category-uncategorized"],"uagb_featured_image_src":{"full":false,"thumbnail":false,"medium":false,"medium_large":false,"large":false,"1536x1536":false,"2048x2048":false,"featured-blog-large":false,"featured-blog-medium":false,"featured":false,"featured-blog-medium-small":false},"uagb_author_info":{"display_name":"Bernadette Jambe","author_link":"https:\/\/ronkelcomite.be\/fr\/author\/bernadette\/"},"uagb_comment_info":0,"uagb_excerpt":"Vous pouvez&nbsp;r\u00e9server&nbsp;d\u00e8s maintenant un pain&nbsp;sous r\u00e9serve de disponibilit\u00e9. Les pains p\u00e8sent +\/- 870g et sont vendus au prix de 5 \u20ac pi\u00e8ce. L\u2019ensemble des p\u00e2tons sera r\u00e9alis\u00e9 par nos soins.\u00a0 Si vous voulez en commander, il faut&nbsp;imp\u00e9rativement s\u2019inscrire. Vous pouvez&nbsp;","_links":{"self":[{"href":"https:\/\/ronkelcomite.be\/fr\/wp-json\/wp\/v2\/posts\/2463","targetHints":{"allow":["GET"]}}],"collection":[{"href":"https:\/\/ronkelcomite.be\/fr\/wp-json\/wp\/v2\/posts"}],"about":[{"href":"https:\/\/ronkelcomite.be\/fr\/wp-json\/wp\/v2\/types\/post"}],"author":[{"embeddable":true,"href":"https:\/\/ronkelcomite.be\/fr\/wp-json\/wp\/v2\/users\/3"}],"replies":[{"embeddable":true,"href":"https:\/\/ronkelcomite.be\/fr\/wp-json\/wp\/v2\/comments?post=2463"}],"version-history":[{"count":3,"href":"https:\/\/ronkelcomite.be\/fr\/wp-json\/wp\/v2\/posts\/2463\/revisions"}],"predecessor-version":[{"id":2470,"href":"https:\/\/ronkelcomite.be\/fr\/wp-json\/wp\/v2\/posts\/2463\/revisions\/2470"}],"wp:attachment":[{"href":"https:\/\/ronkelcomite.be\/fr\/wp-json\/wp\/v2\/media?parent=2463"}],"wp:term":[{"taxonomy":"category","embeddable":true,"href":"https:\/\/ronkelcomite.be\/fr\/wp-json\/wp\/v2\/categories?post=2463"},{"taxonomy":"post_tag","embeddable":true,"href":"https:\/\/ronkelcomite.be\/fr\/wp-json\/wp\/v2\/tags?post=2463"}],"curies":[{"name":"wp","href":"https:\/\/api.w.org\/{rel}","templated":true}]}}