{"id":2474,"date":"2022-12-18T12:46:39","date_gmt":"2022-12-18T12:46:39","guid":{"rendered":"http:\/\/ronkelcomite.be\/nl\/?p=2474"},"modified":"2022-12-18T12:50:28","modified_gmt":"2022-12-18T12:50:28","slug":"2022-12-18-op-26-december-vriendschapsborrel-en-bakken-van-brood-in-de-oven-van-de-boerderij","status":"publish","type":"post","link":"https:\/\/ronkelcomite.be\/fr\/2022\/12\/18\/2022-12-18-op-26-december-vriendschapsborrel-en-bakken-van-brood-in-de-oven-van-de-boerderij\/","title":{"rendered":"2022\/12\/18 \u2013 Le lundi 26 d\u00e9cembre : verre de l&rsquo;amiti\u00e9 et cuisson de pain aux noix dans le four de la ferme"},"content":{"rendered":"\n<figure class=\"wp-block-gallery has-nested-images columns-2 is-cropped wp-block-gallery-1 is-layout-flex wp-block-gallery-is-layout-flex\">\n<figure class=\"wp-block-image size-medium\"><img loading=\"lazy\" decoding=\"async\" width=\"300\" height=\"200\" data-id=\"2475\" src=\"http:\/\/ronkelcomite.be\/wp-content\/uploads\/2022\/12\/P1190377-300x200.jpg\" alt=\"\" class=\"wp-image-2475\" srcset=\"https:\/\/ronkelcomite.be\/wp-content\/uploads\/2022\/12\/P1190377-300x200.jpg 300w, https:\/\/ronkelcomite.be\/wp-content\/uploads\/2022\/12\/P1190377-1024x683.jpg 1024w, https:\/\/ronkelcomite.be\/wp-content\/uploads\/2022\/12\/P1190377-768x512.jpg 768w, https:\/\/ronkelcomite.be\/wp-content\/uploads\/2022\/12\/P1190377-1536x1024.jpg 1536w, https:\/\/ronkelcomite.be\/wp-content\/uploads\/2022\/12\/P1190377.jpg 1620w\" sizes=\"auto, (max-width: 300px) 100vw, 300px\" \/><\/figure>\n\n\n\n<figure class=\"wp-block-image size-medium\"><img loading=\"lazy\" decoding=\"async\" width=\"300\" height=\"200\" data-id=\"2477\" src=\"http:\/\/ronkelcomite.be\/wp-content\/uploads\/2022\/12\/P1190384-300x200.jpg\" alt=\"\" class=\"wp-image-2477\" srcset=\"https:\/\/ronkelcomite.be\/wp-content\/uploads\/2022\/12\/P1190384-300x200.jpg 300w, https:\/\/ronkelcomite.be\/wp-content\/uploads\/2022\/12\/P1190384-1024x683.jpg 1024w, https:\/\/ronkelcomite.be\/wp-content\/uploads\/2022\/12\/P1190384-768x512.jpg 768w, https:\/\/ronkelcomite.be\/wp-content\/uploads\/2022\/12\/P1190384-1536x1024.jpg 1536w, https:\/\/ronkelcomite.be\/wp-content\/uploads\/2022\/12\/P1190384.jpg 1620w\" sizes=\"auto, (max-width: 300px) 100vw, 300px\" \/><\/figure>\n\n\n\n<figure class=\"wp-block-image size-medium\"><img loading=\"lazy\" decoding=\"async\" width=\"300\" height=\"200\" data-id=\"2476\" src=\"http:\/\/ronkelcomite.be\/wp-content\/uploads\/2022\/12\/P1190385-300x200.jpg\" alt=\"\" class=\"wp-image-2476\" srcset=\"https:\/\/ronkelcomite.be\/wp-content\/uploads\/2022\/12\/P1190385-300x200.jpg 300w, https:\/\/ronkelcomite.be\/wp-content\/uploads\/2022\/12\/P1190385-1024x683.jpg 1024w, https:\/\/ronkelcomite.be\/wp-content\/uploads\/2022\/12\/P1190385-768x512.jpg 768w, https:\/\/ronkelcomite.be\/wp-content\/uploads\/2022\/12\/P1190385-1536x1024.jpg 1536w, https:\/\/ronkelcomite.be\/wp-content\/uploads\/2022\/12\/P1190385.jpg 1620w\" sizes=\"auto, (max-width: 300px) 100vw, 300px\" \/><\/figure>\n\n\n\n<figure class=\"wp-block-image size-medium\"><img loading=\"lazy\" decoding=\"async\" width=\"300\" height=\"200\" data-id=\"2478\" src=\"http:\/\/ronkelcomite.be\/wp-content\/uploads\/2022\/12\/P1190391-300x200.jpg\" alt=\"\" class=\"wp-image-2478\" srcset=\"https:\/\/ronkelcomite.be\/wp-content\/uploads\/2022\/12\/P1190391-300x200.jpg 300w, https:\/\/ronkelcomite.be\/wp-content\/uploads\/2022\/12\/P1190391-1024x683.jpg 1024w, https:\/\/ronkelcomite.be\/wp-content\/uploads\/2022\/12\/P1190391-768x512.jpg 768w, https:\/\/ronkelcomite.be\/wp-content\/uploads\/2022\/12\/P1190391-1536x1024.jpg 1536w, https:\/\/ronkelcomite.be\/wp-content\/uploads\/2022\/12\/P1190391.jpg 1620w\" sizes=\"auto, (max-width: 300px) 100vw, 300px\" \/><\/figure>\n<figcaption class=\"blocks-gallery-caption wp-element-caption\">La cuisson du 27\/11\/2022<\/figcaption><\/figure>\n\n\n\n<p>Vous pouvez <strong><u>r\u00e9server<\/u><\/strong> d\u00e8s maintenant un pain <strong><u>sous r\u00e9serve de disponibilit\u00e9<\/u><\/strong>. Les pains p\u00e8sent +\/- 870g et sont vendus au prix de 5 \u20ac pi\u00e8ce.<\/p>\n\n\n\n<p>L&rsquo;ensemble des p\u00e2tons sera r\u00e9alis\u00e9 par nos soins.&nbsp;<\/p>\n\n\n\n<ul class=\"wp-block-list\">\n<li>Pour les pains bio, nous utilisons de la farine Belge : \u00ab\u00a0Molens van Oudenaarde\u00a0\u00bb. Les graines viennent de chez \u00ab\u00a0F\u00e4rm\u00a0\u00bb Wemmel ou du \u00ab\u00a0Rayon Bio\u00a0\u00bb \u00e0 Jette<\/li>\n\n\n\n<li>Pour les pains \u00ab\u00a0Crunchy\u00a0\u00bb : \u00ab\u00a0Bakers@home\u00a0\u00bb<\/li>\n\n\n\n<li><strong><mark style=\"background-color:rgba(0, 0, 0, 0)\" class=\"has-inline-color has-vivid-green-cyan-color\">NOUVEAUTE<\/mark><\/strong> pour ce 26\/12 : nous cuirons du pain bio aux noix Ronkel<\/li>\n<\/ul>\n\n\n\n<p>Si vous voulez en commander, il faut <strong><u>imp\u00e9rativement s\u2019inscrire<\/u><\/strong>. Vous pouvez&nbsp; envoyer un mail \u00e0 \u00ab&nbsp;<a href=\"mailto:ronkelcomite@gmail.com\" target=\"_blank\" rel=\"noreferrer noopener\">ronkelcomite@gmail.com<\/a>&nbsp;\u00bb en indiquant vos <strong><u>nom et n\u00b0 de t\u00e9l\u00e9phone<\/u><\/strong>.<\/p>\n\n\n\n<p>Quand les pains seront disponibles, nous vous appellerons le<strong><u> 26\/12<\/u><\/strong> pour venir chercher votre pain <strong><u>le jour m\u00eame<\/u><\/strong>. Vous paierez votre pain quand vous viendrez le chercher. N&rsquo;oubliez pas d\u2019apporter votre sac \u00e0 pain.<\/p>\n\n\n\n<p><strong>Si vous souhaitez assister \u00e0 l&rsquo;enfournement, vous pouvez nous le pr\u00e9ciser, nous vous appellerons d\u00e8s que nous en connaitrons l&rsquo;heure (autour de 14h)<\/strong><\/p>\n\n\n\n<p><strong>Des noix Ronkel seront \u00e9galement \u00e0 votre disposition. Prix de vente: 3 euros\/kg.<\/strong><\/p>\n\n\n\n<p class=\"has-vivid-green-cyan-color has-text-color\"><strong>Nous vous invitons avec grand plaisir ce 26\/12 \u00e0 un verre de l\u2019amiti\u00e9 que nous organisons pendant et apr\u00e8s la distribution des pains.<\/strong><strong><\/strong><\/p>\n\n\n\n<p>\u00c9tant donne l&rsquo;incertitude de l&rsquo;avenir de la ferme, il existe une probabilit\u00e9 que cette cuisson ne puisse pas se r\u00e9aliser. Nous vous tiendrons bien \u00e9videmment inform\u00e9s.<\/p>\n","protected":false},"excerpt":{"rendered":"<p>Vous pouvez r\u00e9server d\u00e8s maintenant un pain sous r\u00e9serve de disponibilit\u00e9. Les pains p\u00e8sent +\/- 870g et sont vendus au prix de 5 \u20ac pi\u00e8ce. L&rsquo;ensemble des p\u00e2tons sera r\u00e9alis\u00e9 par nos soins.&nbsp; Si vous voulez en commander, il faut<\/p>\n","protected":false},"author":3,"featured_media":0,"comment_status":"closed","ping_status":"closed","sticky":false,"template":"","format":"standard","meta":{"_uag_custom_page_level_css":"","ngg_post_thumbnail":0,"footnotes":""},"categories":[1],"tags":[],"class_list":["post-2474","post","type-post","status-publish","format-standard","hentry","category-uncategorized"],"uagb_featured_image_src":{"full":false,"thumbnail":false,"medium":false,"medium_large":false,"large":false,"1536x1536":false,"2048x2048":false,"featured-blog-large":false,"featured-blog-medium":false,"featured":false,"featured-blog-medium-small":false},"uagb_author_info":{"display_name":"Bernadette Jambe","author_link":"https:\/\/ronkelcomite.be\/fr\/author\/bernadette\/"},"uagb_comment_info":0,"uagb_excerpt":"Vous pouvez r\u00e9server d\u00e8s maintenant un pain sous r\u00e9serve de disponibilit\u00e9. Les pains p\u00e8sent +\/- 870g et sont vendus au prix de 5 \u20ac pi\u00e8ce. L&rsquo;ensemble des p\u00e2tons sera r\u00e9alis\u00e9 par nos soins.&nbsp; Si vous voulez en commander, il faut","_links":{"self":[{"href":"https:\/\/ronkelcomite.be\/fr\/wp-json\/wp\/v2\/posts\/2474","targetHints":{"allow":["GET"]}}],"collection":[{"href":"https:\/\/ronkelcomite.be\/fr\/wp-json\/wp\/v2\/posts"}],"about":[{"href":"https:\/\/ronkelcomite.be\/fr\/wp-json\/wp\/v2\/types\/post"}],"author":[{"embeddable":true,"href":"https:\/\/ronkelcomite.be\/fr\/wp-json\/wp\/v2\/users\/3"}],"replies":[{"embeddable":true,"href":"https:\/\/ronkelcomite.be\/fr\/wp-json\/wp\/v2\/comments?post=2474"}],"version-history":[{"count":4,"href":"https:\/\/ronkelcomite.be\/fr\/wp-json\/wp\/v2\/posts\/2474\/revisions"}],"predecessor-version":[{"id":2482,"href":"https:\/\/ronkelcomite.be\/fr\/wp-json\/wp\/v2\/posts\/2474\/revisions\/2482"}],"wp:attachment":[{"href":"https:\/\/ronkelcomite.be\/fr\/wp-json\/wp\/v2\/media?parent=2474"}],"wp:term":[{"taxonomy":"category","embeddable":true,"href":"https:\/\/ronkelcomite.be\/fr\/wp-json\/wp\/v2\/categories?post=2474"},{"taxonomy":"post_tag","embeddable":true,"href":"https:\/\/ronkelcomite.be\/fr\/wp-json\/wp\/v2\/tags?post=2474"}],"curies":[{"name":"wp","href":"https:\/\/api.w.org\/{rel}","templated":true}]}}