{"id":2539,"date":"2023-01-19T20:23:36","date_gmt":"2023-01-19T20:23:36","guid":{"rendered":"http:\/\/ronkelcomite.be\/fr\/?p=2539"},"modified":"2023-01-19T20:46:24","modified_gmt":"2023-01-19T20:46:24","slug":"2023-01-19-fete-reussie-ce-26-decembre-et-bonne-nouvelle-pour-le-ronkel-concernant-le-plan-de-mobilite-de-wemmel","status":"publish","type":"post","link":"https:\/\/ronkelcomite.be\/fr\/2023\/01\/19\/2023-01-19-fete-reussie-ce-26-decembre-et-bonne-nouvelle-pour-le-ronkel-concernant-le-plan-de-mobilite-de-wemmel\/","title":{"rendered":"2023\/01\/19\u00a0: F\u00eate r\u00e9ussie ce 26 d\u00e9cembre et bonne nouvelle pour le Ronkel concernant le plan de mobilit\u00e9 de Wemmel."},"content":{"rendered":"\n<p><a rel=\"noreferrer noopener\" href=\"http:\/\/ronkelcomite.be\/fr\/plan-de-mobilite\/\" target=\"_blank\">Le plan de mobilit\u00e9, c&rsquo;est par ici<\/a> <\/p>\n\n\n\n<p><a rel=\"noreferrer noopener\" href=\"http:\/\/ronkelcomite.be\/fr\/activiteiten\/four-a-pain\/\" target=\"_blank\">Et la f\u00eate et la cuisson du pain vous attendent ici<\/a><\/p>\n\n\n\n<figure class=\"wp-block-gallery has-nested-images columns-default is-cropped wp-block-gallery-1 is-layout-flex wp-block-gallery-is-layout-flex\">\n<figure class=\"wp-block-image size-large\"><a href=\"http:\/\/ronkelcomite.be\/fr\/activiteiten\/four-a-pain\/\"><img loading=\"lazy\" decoding=\"async\" width=\"1024\" height=\"683\" data-id=\"2549\" src=\"http:\/\/ronkelcomite.be\/wp-content\/uploads\/2023\/01\/P1190471-Grand-1-1024x683.jpg\" alt=\"\" class=\"wp-image-2549\" srcset=\"https:\/\/ronkelcomite.be\/wp-content\/uploads\/2023\/01\/P1190471-Grand-1-1024x683.jpg 1024w, https:\/\/ronkelcomite.be\/wp-content\/uploads\/2023\/01\/P1190471-Grand-1-300x200.jpg 300w, https:\/\/ronkelcomite.be\/wp-content\/uploads\/2023\/01\/P1190471-Grand-1-768x512.jpg 768w, https:\/\/ronkelcomite.be\/wp-content\/uploads\/2023\/01\/P1190471-Grand-1-1536x1024.jpg 1536w, https:\/\/ronkelcomite.be\/wp-content\/uploads\/2023\/01\/P1190471-Grand-1.jpg 1620w\" sizes=\"auto, (max-width: 1024px) 100vw, 1024px\" \/><\/a><\/figure>\n\n\n\n<figure class=\"wp-block-image size-large\"><a href=\"http:\/\/ronkelcomite.be\/fr\/activiteiten\/four-a-pain\/\"><img loading=\"lazy\" decoding=\"async\" width=\"1024\" height=\"683\" data-id=\"2550\" src=\"http:\/\/ronkelcomite.be\/wp-content\/uploads\/2023\/01\/P1190490-Grand-3-1024x683.jpg\" alt=\"\" class=\"wp-image-2550\" srcset=\"https:\/\/ronkelcomite.be\/wp-content\/uploads\/2023\/01\/P1190490-Grand-3-1024x683.jpg 1024w, https:\/\/ronkelcomite.be\/wp-content\/uploads\/2023\/01\/P1190490-Grand-3-300x200.jpg 300w, https:\/\/ronkelcomite.be\/wp-content\/uploads\/2023\/01\/P1190490-Grand-3-768x512.jpg 768w, https:\/\/ronkelcomite.be\/wp-content\/uploads\/2023\/01\/P1190490-Grand-3-1536x1024.jpg 1536w, https:\/\/ronkelcomite.be\/wp-content\/uploads\/2023\/01\/P1190490-Grand-3.jpg 1620w\" sizes=\"auto, (max-width: 1024px) 100vw, 1024px\" \/><\/a><\/figure>\n<\/figure>\n\n\n\n<p><\/p>\n\n\n\n<p class=\"has-black-color has-text-color has-large-font-size\">Le 29 janvier : cuisson de pain dans le four de la ferme<\/p>\n\n\n\n<p>Vous pouvez <strong><u>r\u00e9server<\/u><\/strong> d\u00e8s maintenant un pain <strong><u>sous r\u00e9serve de disponibilit\u00e9<\/u><\/strong>. Les pains p\u00e8sent +\/- 870g et sont vendus au prix de 5 \u20ac pi\u00e8ce. L&rsquo;ensemble des p\u00e2tons sera r\u00e9alis\u00e9 par nos soins.\u00a0<\/p>\n\n\n\n<ul class=\"wp-block-list\">\n<li>Pour les pains bio, nous utilisons de la farine Belge : \u00ab\u00a0Molens van Oudenaarde\u00a0\u00bb. Les graines viennent de chez \u00ab\u00a0F\u00e4rm\u00a0\u00bb Wemmel ou du \u00ab\u00a0Rayon Bio\u00a0\u00bb \u00e0 Jette<\/li>\n\n\n\n<li>Pour les pains \u00ab\u00a0Crunchy\u00a0\u00bb : \u00ab\u00a0Bakers@home<\/li>\n<\/ul>\n\n\n\n<p>Si vous voulez en commander, il faut <strong><u>imp\u00e9rativement s\u2019inscrire<\/u><\/strong>. Vous pouvez&nbsp; envoyer un mail \u00e0 \u00ab&nbsp;<a href=\"mailto:ronkelcomite@gmail.com\" target=\"_blank\" rel=\"noreferrer noopener\">ronkelcomite@gmail.com<\/a>&nbsp;\u00bb en indiquant vos <strong><u>nom et n\u00b0 de t\u00e9l\u00e9phone<\/u><\/strong>.<\/p>\n\n\n\n<p>Quand les pains seront disponibles, nous vous appellerons le<strong><u> 29\/01<\/u><\/strong> pour venir chercher votre pain <strong><u>le jour m\u00eame<\/u><\/strong>. Vous paierez votre pain quand vous viendrez le chercher. N&rsquo;oubliez pas d\u2019apporter votre sac \u00e0 pain.<\/p>\n\n\n\n<p><strong>Si vous souhaitez assister \u00e0 l&rsquo;enfournement, vous pouvez nous le pr\u00e9ciser, nous vous appellerons d\u00e8s que nous en connaitrons l&rsquo;heure (autour de 14h)<\/strong><\/p>\n\n\n\n<p>\u00c9tant donne l&rsquo;incertitude de l&rsquo;avenir de la ferme, il existe une probabilit\u00e9 que cette cuisson ne puisse pas se r\u00e9aliser. Nous vous tiendrons bien \u00e9videmment inform\u00e9s.<\/p>\n","protected":false},"excerpt":{"rendered":"<p>Le plan de mobilit\u00e9, c&rsquo;est par ici Et la f\u00eate et la cuisson du pain vous attendent ici Le 29 janvier : cuisson de pain dans le four de la ferme Vous pouvez r\u00e9server d\u00e8s maintenant un pain sous r\u00e9serve<\/p>\n","protected":false},"author":3,"featured_media":0,"comment_status":"closed","ping_status":"closed","sticky":false,"template":"","format":"standard","meta":{"_uag_custom_page_level_css":"","ngg_post_thumbnail":0,"footnotes":""},"categories":[1],"tags":[],"class_list":["post-2539","post","type-post","status-publish","format-standard","hentry","category-uncategorized"],"uagb_featured_image_src":{"full":false,"thumbnail":false,"medium":false,"medium_large":false,"large":false,"1536x1536":false,"2048x2048":false,"featured-blog-large":false,"featured-blog-medium":false,"featured":false,"featured-blog-medium-small":false},"uagb_author_info":{"display_name":"Bernadette Jambe","author_link":"https:\/\/ronkelcomite.be\/fr\/author\/bernadette\/"},"uagb_comment_info":0,"uagb_excerpt":"Le plan de mobilit\u00e9, c&rsquo;est par ici Et la f\u00eate et la cuisson du pain vous attendent ici Le 29 janvier : cuisson de pain dans le four de la ferme Vous pouvez r\u00e9server d\u00e8s maintenant un pain sous r\u00e9serve","_links":{"self":[{"href":"https:\/\/ronkelcomite.be\/fr\/wp-json\/wp\/v2\/posts\/2539","targetHints":{"allow":["GET"]}}],"collection":[{"href":"https:\/\/ronkelcomite.be\/fr\/wp-json\/wp\/v2\/posts"}],"about":[{"href":"https:\/\/ronkelcomite.be\/fr\/wp-json\/wp\/v2\/types\/post"}],"author":[{"embeddable":true,"href":"https:\/\/ronkelcomite.be\/fr\/wp-json\/wp\/v2\/users\/3"}],"replies":[{"embeddable":true,"href":"https:\/\/ronkelcomite.be\/fr\/wp-json\/wp\/v2\/comments?post=2539"}],"version-history":[{"count":7,"href":"https:\/\/ronkelcomite.be\/fr\/wp-json\/wp\/v2\/posts\/2539\/revisions"}],"predecessor-version":[{"id":2555,"href":"https:\/\/ronkelcomite.be\/fr\/wp-json\/wp\/v2\/posts\/2539\/revisions\/2555"}],"wp:attachment":[{"href":"https:\/\/ronkelcomite.be\/fr\/wp-json\/wp\/v2\/media?parent=2539"}],"wp:term":[{"taxonomy":"category","embeddable":true,"href":"https:\/\/ronkelcomite.be\/fr\/wp-json\/wp\/v2\/categories?post=2539"},{"taxonomy":"post_tag","embeddable":true,"href":"https:\/\/ronkelcomite.be\/fr\/wp-json\/wp\/v2\/tags?post=2539"}],"curies":[{"name":"wp","href":"https:\/\/api.w.org\/{rel}","templated":true}]}}