{"id":2629,"date":"2023-02-12T13:10:16","date_gmt":"2023-02-12T13:10:16","guid":{"rendered":"http:\/\/ronkelcomite.be\/nl\/?p=2629"},"modified":"2023-02-12T13:26:08","modified_gmt":"2023-02-12T13:26:08","slug":"2023-02-12-op-26-februari-bakken-van-brood-in-de-oven-van-de-boerderij","status":"publish","type":"post","link":"https:\/\/ronkelcomite.be\/fr\/2023\/02\/12\/2023-02-12-op-26-februari-bakken-van-brood-in-de-oven-van-de-boerderij\/","title":{"rendered":"2023\/02\/12 \u2013 \u00a0Le 26 f\u00e9vrier : cuisson de pain dans le four de la ferme"},"content":{"rendered":"\n<p>Vous pouvez <strong><u>r\u00e9server<\/u><\/strong> d\u00e8s maintenant un pain <strong><u>sous r\u00e9serve de disponibilit\u00e9<\/u><\/strong>. Les pains p\u00e8sent +\/- 870g et sont vendus au prix de 5 \u20ac pi\u00e8ce.<\/p>\n\n\n\n<p>L&rsquo;ensemble des p\u00e2tons sera r\u00e9alis\u00e9 par nos soins.&nbsp;<\/p>\n\n\n\n<p><a href=\"http:\/\/ronkelcomite.be\/fr\/activiteiten\/four-a-pain\/#a_pain012023\" target=\"_blank\" rel=\"noreferrer noopener\">Quelques photos de la cuisson de janvier<\/a><\/p>\n\n\n\n<figure class=\"wp-block-image alignleft size-thumbnail\"><a href=\"http:\/\/ronkelcomite.be\/fr\/activiteiten\/four-a-pain\/#a_pain012023 \"><img loading=\"lazy\" decoding=\"async\" width=\"150\" height=\"150\" src=\"http:\/\/ronkelcomite.be\/wp-content\/uploads\/2023\/02\/P1190686-2-150x150.jpg\" alt=\"\" class=\"wp-image-2647\" srcset=\"https:\/\/ronkelcomite.be\/wp-content\/uploads\/2023\/02\/P1190686-2-150x150.jpg 150w, https:\/\/ronkelcomite.be\/wp-content\/uploads\/2023\/02\/P1190686-2-270x270.jpg 270w, https:\/\/ronkelcomite.be\/wp-content\/uploads\/2023\/02\/P1190686-2-230x230.jpg 230w\" sizes=\"auto, (max-width: 150px) 100vw, 150px\" \/><\/a><\/figure>\n\n\n\n<ul class=\"wp-block-list\">\n<li>Pour les pains bio, nous utilisons de la farine Belge : \u00ab\u00a0Molens van Oudenaarde\u00a0\u00bb. Les graines viennent de chez \u00ab\u00a0F\u00e4rm\u00a0\u00bb Wemmel ou du \u00ab\u00a0Rayon Bio\u00a0\u00bb \u00e0 Jette<\/li>\n\n\n\n<li>Pour les pains \u00ab\u00a0Crunchy\u00a0\u00bb : \u00ab\u00a0Bakers@home<\/li>\n<\/ul>\n\n\n\n<p>Si vous voulez en commander, il faut <strong><u>imp\u00e9rativement s\u2019inscrire<\/u><\/strong>. Vous pouvez&nbsp; envoyer un mail \u00e0 \u00ab&nbsp;<a href=\"mailto:ronkelcomite@gmail.com\" target=\"_blank\" rel=\"noreferrer noopener\">ronkelcomite@gmail.com<\/a>&nbsp;\u00bb en indiquant vos <strong><u>nom et n\u00b0 de t\u00e9l\u00e9phone<\/u><\/strong>.<\/p>\n\n\n\n<p>Quand les pains seront disponibles, nous vous appellerons le<strong><u> 26\/02<\/u><\/strong> pour venir chercher votre pain <strong><u>le jour m\u00eame<\/u><\/strong>. Vous paierez votre pain quand vous viendrez le chercher. N&rsquo;oubliez pas d\u2019apporter votre sac \u00e0 pain.<\/p>\n\n\n\n<p><strong>Si vous souhaitez assister \u00e0 l&rsquo;enfournement, vous pouvez nous le pr\u00e9ciser, nous vous appellerons d\u00e8s que nous en connaitrons l&rsquo;heure (autour de 14h)<\/strong><\/p>\n\n\n\n<p>\u00c9tant donne l&rsquo;incertitude de l&rsquo;avenir de la ferme, il existe une probabilit\u00e9 que cette cuisson ne puisse pas se r\u00e9aliser. Nous vous tiendrons bien \u00e9videmment inform\u00e9s.<\/p>\n\n\n\n<p class=\"has-pale-cyan-blue-background-color has-background\"><strong>NOUS AVONS BESOIN DE FAGOTS<\/strong><\/p>\n\n\n\n<p>Pour cuire les pains, nous utilisons entre autres des fagots que nous confectionnons \u00e0 partir de branches s\u00e8ches r\u00e9colt\u00e9es sur le terrain d&rsquo;un particulier. Le stock va bient\u00f4t s&rsquo;\u00e9puiser. Si vous connaissez un endroit o\u00f9 il est possible de ramasser de longues et fines branches (2 cm de diam\u00e8tre environ), les plus s\u00e8ches possible (1-2 ans), n&rsquo;h\u00e9sitez-pas \u00e0 prendre contact avec nous.<\/p>\n","protected":false},"excerpt":{"rendered":"<p>Vous pouvez r\u00e9server d\u00e8s maintenant un pain sous r\u00e9serve de disponibilit\u00e9. Les pains p\u00e8sent +\/- 870g et sont vendus au prix de 5 \u20ac pi\u00e8ce. L&rsquo;ensemble des p\u00e2tons sera r\u00e9alis\u00e9 par nos soins.&nbsp; Quelques photos de la cuisson de janvier<\/p>\n","protected":false},"author":3,"featured_media":0,"comment_status":"closed","ping_status":"closed","sticky":false,"template":"","format":"standard","meta":{"_uag_custom_page_level_css":"","ngg_post_thumbnail":0,"footnotes":""},"categories":[1],"tags":[],"class_list":["post-2629","post","type-post","status-publish","format-standard","hentry","category-uncategorized"],"uagb_featured_image_src":{"full":false,"thumbnail":false,"medium":false,"medium_large":false,"large":false,"1536x1536":false,"2048x2048":false,"featured-blog-large":false,"featured-blog-medium":false,"featured":false,"featured-blog-medium-small":false},"uagb_author_info":{"display_name":"Bernadette Jambe","author_link":"https:\/\/ronkelcomite.be\/fr\/author\/bernadette\/"},"uagb_comment_info":0,"uagb_excerpt":"Vous pouvez r\u00e9server d\u00e8s maintenant un pain sous r\u00e9serve de disponibilit\u00e9. Les pains p\u00e8sent +\/- 870g et sont vendus au prix de 5 \u20ac pi\u00e8ce. L&rsquo;ensemble des p\u00e2tons sera r\u00e9alis\u00e9 par nos soins.&nbsp; Quelques photos de la cuisson de janvier","_links":{"self":[{"href":"https:\/\/ronkelcomite.be\/fr\/wp-json\/wp\/v2\/posts\/2629","targetHints":{"allow":["GET"]}}],"collection":[{"href":"https:\/\/ronkelcomite.be\/fr\/wp-json\/wp\/v2\/posts"}],"about":[{"href":"https:\/\/ronkelcomite.be\/fr\/wp-json\/wp\/v2\/types\/post"}],"author":[{"embeddable":true,"href":"https:\/\/ronkelcomite.be\/fr\/wp-json\/wp\/v2\/users\/3"}],"replies":[{"embeddable":true,"href":"https:\/\/ronkelcomite.be\/fr\/wp-json\/wp\/v2\/comments?post=2629"}],"version-history":[{"count":12,"href":"https:\/\/ronkelcomite.be\/fr\/wp-json\/wp\/v2\/posts\/2629\/revisions"}],"predecessor-version":[{"id":2651,"href":"https:\/\/ronkelcomite.be\/fr\/wp-json\/wp\/v2\/posts\/2629\/revisions\/2651"}],"wp:attachment":[{"href":"https:\/\/ronkelcomite.be\/fr\/wp-json\/wp\/v2\/media?parent=2629"}],"wp:term":[{"taxonomy":"category","embeddable":true,"href":"https:\/\/ronkelcomite.be\/fr\/wp-json\/wp\/v2\/categories?post=2629"},{"taxonomy":"post_tag","embeddable":true,"href":"https:\/\/ronkelcomite.be\/fr\/wp-json\/wp\/v2\/tags?post=2629"}],"curies":[{"name":"wp","href":"https:\/\/api.w.org\/{rel}","templated":true}]}}