{"id":2721,"date":"2023-03-11T20:00:41","date_gmt":"2023-03-11T20:00:41","guid":{"rendered":"http:\/\/ronkelcomite.be\/fr\/?p=2721"},"modified":"2023-03-11T20:00:43","modified_gmt":"2023-03-11T20:00:43","slug":"operation-proprete-le-samedi-18-mars-2023","status":"publish","type":"post","link":"https:\/\/ronkelcomite.be\/fr\/2023\/03\/11\/operation-proprete-le-samedi-18-mars-2023\/","title":{"rendered":"2023\/03\/11 &#8211; Op\u00e9ration propret\u00e9 le samedi 18 mars 2023"},"content":{"rendered":"\n<p>Le samedi 18 mars de 10 \u00e0 12h, nous organisons une op\u00e9ration propret\u00e9 dans le quartier Ronkel. Nous en profiterons pour \u00e0 nouveau \u00e9pandre du gravier dans le chemin Ronkel, utilis\u00e9 par nombre d&rsquo;entre nous, pi\u00e9tons et cyclistes, vous \u00eates les bienvenus! Rendez-vous devant le n\u00b0162 Ronkel<\/p>\n\n\n\n<figure class=\"wp-block-image size-large\"><img loading=\"lazy\" decoding=\"async\" width=\"1024\" height=\"683\" src=\"http:\/\/ronkelcomite.be\/wp-content\/uploads\/2023\/03\/P1170839-1024x683.jpg\" alt=\"\" class=\"wp-image-2722\" srcset=\"https:\/\/ronkelcomite.be\/wp-content\/uploads\/2023\/03\/P1170839-1024x683.jpg 1024w, https:\/\/ronkelcomite.be\/wp-content\/uploads\/2023\/03\/P1170839-300x200.jpg 300w, https:\/\/ronkelcomite.be\/wp-content\/uploads\/2023\/03\/P1170839-768x512.jpg 768w, https:\/\/ronkelcomite.be\/wp-content\/uploads\/2023\/03\/P1170839-1536x1024.jpg 1536w, https:\/\/ronkelcomite.be\/wp-content\/uploads\/2023\/03\/P1170839.jpg 1620w\" sizes=\"auto, (max-width: 1024px) 100vw, 1024px\" \/><\/figure>\n","protected":false},"excerpt":{"rendered":"<p>Le samedi 18 mars de 10 \u00e0 12h, nous organisons une op\u00e9ration propret\u00e9 dans le quartier Ronkel. Nous en profiterons pour \u00e0 nouveau \u00e9pandre du gravier dans le chemin Ronkel, utilis\u00e9 par nombre d&rsquo;entre nous, pi\u00e9tons et cyclistes, vous \u00eates<\/p>\n","protected":false},"author":3,"featured_media":0,"comment_status":"closed","ping_status":"closed","sticky":false,"template":"","format":"standard","meta":{"_uag_custom_page_level_css":"","ngg_post_thumbnail":0,"footnotes":""},"categories":[1],"tags":[],"class_list":["post-2721","post","type-post","status-publish","format-standard","hentry","category-uncategorized"],"uagb_featured_image_src":{"full":false,"thumbnail":false,"medium":false,"medium_large":false,"large":false,"1536x1536":false,"2048x2048":false,"featured-blog-large":false,"featured-blog-medium":false,"featured":false,"featured-blog-medium-small":false},"uagb_author_info":{"display_name":"Bernadette Jambe","author_link":"https:\/\/ronkelcomite.be\/fr\/author\/bernadette\/"},"uagb_comment_info":0,"uagb_excerpt":"Le samedi 18 mars de 10 \u00e0 12h, nous organisons une op\u00e9ration propret\u00e9 dans le quartier Ronkel. Nous en profiterons pour \u00e0 nouveau \u00e9pandre du gravier dans le chemin Ronkel, utilis\u00e9 par nombre d&rsquo;entre nous, pi\u00e9tons et cyclistes, vous \u00eates","_links":{"self":[{"href":"https:\/\/ronkelcomite.be\/fr\/wp-json\/wp\/v2\/posts\/2721","targetHints":{"allow":["GET"]}}],"collection":[{"href":"https:\/\/ronkelcomite.be\/fr\/wp-json\/wp\/v2\/posts"}],"about":[{"href":"https:\/\/ronkelcomite.be\/fr\/wp-json\/wp\/v2\/types\/post"}],"author":[{"embeddable":true,"href":"https:\/\/ronkelcomite.be\/fr\/wp-json\/wp\/v2\/users\/3"}],"replies":[{"embeddable":true,"href":"https:\/\/ronkelcomite.be\/fr\/wp-json\/wp\/v2\/comments?post=2721"}],"version-history":[{"count":3,"href":"https:\/\/ronkelcomite.be\/fr\/wp-json\/wp\/v2\/posts\/2721\/revisions"}],"predecessor-version":[{"id":2726,"href":"https:\/\/ronkelcomite.be\/fr\/wp-json\/wp\/v2\/posts\/2721\/revisions\/2726"}],"wp:attachment":[{"href":"https:\/\/ronkelcomite.be\/fr\/wp-json\/wp\/v2\/media?parent=2721"}],"wp:term":[{"taxonomy":"category","embeddable":true,"href":"https:\/\/ronkelcomite.be\/fr\/wp-json\/wp\/v2\/categories?post=2721"},{"taxonomy":"post_tag","embeddable":true,"href":"https:\/\/ronkelcomite.be\/fr\/wp-json\/wp\/v2\/tags?post=2721"}],"curies":[{"name":"wp","href":"https:\/\/api.w.org\/{rel}","templated":true}]}}